{"id":157816,"date":"2025-11-19T16:17:13","date_gmt":"2025-11-19T16:17:13","guid":{"rendered":"https:\/\/www.europesays.com\/pt\/157816\/"},"modified":"2025-11-19T16:17:13","modified_gmt":"2025-11-19T16:17:13","slug":"ucranianos-que-ha-muito-colaboram-com-os-servicos-russos-polonia-ja-sabe-quem-sabotou-a-linha-ferroviaria-estrategica","status":"publish","type":"post","link":"https:\/\/www.europesays.com\/pt\/157816\/","title":{"rendered":"Ucranianos que &#8220;h\u00e1 muito colaboram com os servi\u00e7os russos&#8221;: Pol\u00f3nia j\u00e1 sabe quem sabotou a linha ferrovi\u00e1ria estrat\u00e9gica"},"content":{"rendered":"<p>\t                Suspeitos ter\u00e3o chegado \u00e0 Pol\u00f3nia vindos da Bielorr\u00fassia <\/p>\n<p style=\"margin-bottom:11px\">O primeiro-ministro polaco, Donald Tusk, revelou esta ter\u00e7a-feira que dois cidad\u00e3os ucranianos, alegadamente recrutados pelos servi\u00e7os secretos russos, s\u00e3o os principais suspeitos de <a href=\"https:\/\/cnnportugal.iol.pt\/polonia\/guerra\/ato-de-sabotagem-sem-precedentes-explosao-atinge-linha-de-comboio-na-polonia-que-envia-armamento-para-a-ucrania\/20251117\/691b0d4fd34e3caad84b5eda\" target=\"_blank\" rel=\"nofollow noopener\">dois atentados<\/a> de sabotagem numa rota ferrovi\u00e1ria estrat\u00e9gica usada para transportar ajuda humanit\u00e1ria \u00e0 Ucr\u00e2nia.<\/p>\n<p>\u201cOs autores identificados s\u00e3o dois cidad\u00e3os ucranianos que h\u00e1 muito operam e colaboram com os servi\u00e7os russos&#8221;, revelou, perante o parlamento, fazendo ainda saber que &#8220;as identidades s\u00e3o conhecidas&#8221;.<\/p>\n<p>Segundo Tusk, os suspeitos plantaram um explosivo de uso militar e colocaram uma bra\u00e7adeira de a\u00e7o nos trilhos, em dois incidentes distintos. Um dos engenhos detonou no s\u00e1bado \u00e0 noite sob um comboio de carga, causando danos na parte inferior da composi\u00e7\u00e3o e na infraestrutura ferrovi\u00e1ria, criando um perigo real para outros comboios que utilizam a mesma linha.<\/p>\n<p>No mesmo discurso feito em pleno parlamento polaco, o primeiro-ministro classificou os ataques como \u201csem precedentes\u201d. \u201cFoi talvez a situa\u00e7\u00e3o mais grave, no que diz respeito \u00e0 seguran\u00e7a do Estado polaco, desde o in\u00edcio da invas\u00e3o em larga escala da Ucr\u00e2nia\u201d.<\/p>\n<p>Tusk alertou ainda que as a\u00e7\u00f5es poderiam ter causado uma grave cat\u00e1strofe. \u201cEstamos perante um ato de sabotagem, cujas consequ\u00eancias poderiam ter sido, e aqui o erro dos autores tamb\u00e9m nos ajudou, uma grave cat\u00e1strofe com v\u00edtimas mortais. \u00c9 por isso que digo que foi ultrapassado um certo limite\u201d.<\/p>\n<p>A identidade dos suspeitos n\u00e3o foi revelada, mas sabe-se que ambos ter\u00e3o chegado \u00e0 Pol\u00f3nia vindos da Bielorr\u00fassia pouco antes dos ataques, e regressado \u00e0 Bielorr\u00fassia pouco depois. Um dos dois homens j\u00e1 havia sido condenado por sabotagem na Ucr\u00e2nia.<\/p>\n<p>Nos \u00faltimos meses, a Pol\u00f3nia tem registado um aumento de tentativas de sabotagem e ataques cibern\u00e9ticos, atribu\u00eddos a redes ligadas \u00e0 R\u00fassia. De acordo com Tusk, 55 pessoas foram j\u00e1 detidas, 23 delas por atos de sabotagem.<\/p>\n<p>Muitas destas opera\u00e7\u00f5es s\u00e3o coordenadas atrav\u00e9s do Telegram, onde agentes russos recrutam intermedi\u00e1rios oferecendo pagamentos por inc\u00eandios criminosos ou outras a\u00e7\u00f5es. Ap\u00f3s a expuls\u00e3o de dezenas de espi\u00f5es russos com cobertura diplom\u00e1tica na Europa, Moscovo tem recorrido a agentes \u201coportunistas\u201d, segundo investiga\u00e7\u00f5es em curso.<\/p>\n","protected":false},"excerpt":{"rendered":"Suspeitos ter\u00e3o chegado \u00e0 Pol\u00f3nia vindos da Bielorr\u00fassia O primeiro-ministro polaco, Donald Tusk, revelou esta ter\u00e7a-feira que dois&hellip;\n","protected":false},"author":2,"featured_media":157817,"comment_status":"","ping_status":"","sticky":false,"template":"","format":"standard","meta":{"footnotes":""},"categories":[50],"tags":[609,836,611,27,28,607,608,333,832,604,135,610,7517,476,15,16,301,830,14,603,25,26,570,21,22,831,833,62,834,12,13,19,20,835,602,52,5300,32,23,24,839,11933,33803,29849,17,18,8165,29,30,31,63,64,65],"class_list":{"0":"post-157816","1":"post","2":"type-post","3":"status-publish","4":"format-standard","5":"has-post-thumbnail","7":"category-mundo","8":"tag-alerta","9":"tag-analise","10":"tag-ao-minuto","11":"tag-breaking-news","12":"tag-breakingnews","13":"tag-cnn","14":"tag-cnn-portugal","15":"tag-comentadores","16":"tag-costa","17":"tag-crime","18":"tag-desporto","19":"tag-direto","20":"tag-donald-tusk","21":"tag-economia","22":"tag-featured-news","23":"tag-featurednews","24":"tag-governo","25":"tag-guerra","26":"tag-headlines","27":"tag-justica","28":"tag-latest-news","29":"tag-latestnews","30":"tag-live","31":"tag-main-news","32":"tag-mainnews","33":"tag-mais-vistas","34":"tag-marcelo","35":"tag-mundo","36":"tag-negocios","37":"tag-news","38":"tag-noticias","39":"tag-noticias-principais","40":"tag-noticiasprincipais","41":"tag-opiniao","42":"tag-pais","43":"tag-politica","44":"tag-polonia","45":"tag-portugal","46":"tag-principais-noticias","47":"tag-principaisnoticias","48":"tag-russia","49":"tag-sabotagem","50":"tag-sabotagem-ferroviaria","51":"tag-suspeitos","52":"tag-top-stories","53":"tag-topstories","54":"tag-ucranianos","55":"tag-ultimas","56":"tag-ultimas-noticias","57":"tag-ultimasnoticias","58":"tag-world","59":"tag-world-news","60":"tag-worldnews"},"share_on_mastodon":{"url":"","error":"Validation failed: Text character limit of 500 exceeded"},"_links":{"self":[{"href":"https:\/\/www.europesays.com\/pt\/wp-json\/wp\/v2\/posts\/157816","targetHints":{"allow":["GET"]}}],"collection":[{"href":"https:\/\/www.europesays.com\/pt\/wp-json\/wp\/v2\/posts"}],"about":[{"href":"https:\/\/www.europesays.com\/pt\/wp-json\/wp\/v2\/types\/post"}],"author":[{"embeddable":true,"href":"https:\/\/www.europesays.com\/pt\/wp-json\/wp\/v2\/users\/2"}],"replies":[{"embeddable":true,"href":"https:\/\/www.europesays.com\/pt\/wp-json\/wp\/v2\/comments?post=157816"}],"version-history":[{"count":0,"href":"https:\/\/www.europesays.com\/pt\/wp-json\/wp\/v2\/posts\/157816\/revisions"}],"wp:featuredmedia":[{"embeddable":true,"href":"https:\/\/www.europesays.com\/pt\/wp-json\/wp\/v2\/media\/157817"}],"wp:attachment":[{"href":"https:\/\/www.europesays.com\/pt\/wp-json\/wp\/v2\/media?parent=157816"}],"wp:term":[{"taxonomy":"category","embeddable":true,"href":"https:\/\/www.europesays.com\/pt\/wp-json\/wp\/v2\/categories?post=157816"},{"taxonomy":"post_tag","embeddable":true,"href":"https:\/\/www.europesays.com\/pt\/wp-json\/wp\/v2\/tags?post=157816"}],"curies":[{"name":"wp","href":"https:\/\/api.w.org\/{rel}","templated":true}]}}