{"id":157818,"date":"2025-11-19T16:18:15","date_gmt":"2025-11-19T16:18:15","guid":{"rendered":"https:\/\/www.europesays.com\/pt\/157818\/"},"modified":"2025-11-19T16:18:15","modified_gmt":"2025-11-19T16:18:15","slug":"carlos-moedas-e-diogo-moura-na-camara-de-lisboa","status":"publish","type":"post","link":"https:\/\/www.europesays.com\/pt\/157818\/","title":{"rendered":"Carlos Moedas e Diogo Moura na C\u00e2mara de Lisboa"},"content":{"rendered":"<p>A distribui\u00e7\u00e3o de pelouros na C\u00e2mara de Lisboa entre os vereadores eleitos pela coliga\u00e7\u00e3o Por Ti, Lisboa, formada pelo PSD, CDS e Iniciativa Liberal, implicar\u00e1 que a Cultura seja dividida entre Carlos Moedas, reeleito presidente da autarquia, e o centrista Diogo Moura, que \u00e9 o \u00fanico &#8220;repetente&#8221; em rela\u00e7\u00e3o ao mandato anterior.<\/p>\n<p><strong>Ao que o DN apurou, Moedas ter\u00e1 a seu cargo a Estrat\u00e9gia para a Cultura, enquanto o pelouro e a tutela da Dire\u00e7\u00e3o Municipal da Cultura ficar\u00e3o com o vereador centrista<\/strong>, que teve essas responsabilidades at\u00e9 ser for\u00e7ado a suspender o mandato, por estar acusado de manipula\u00e7\u00e3o de elei\u00e7\u00f5es internas do CDS, regressando \u00e0 C\u00e2mara de Lisboa no in\u00edcio deste ano.<\/p>\n<p>Nos restantes pelouros, <strong>a distribui\u00e7\u00e3o decidida por Carlos Moedas implica que Gon\u00e7alo Reis suceda a Filipe Anacoreta Correia na vice-presid\u00eancia, juntando-lhe os pelouros das Finan\u00e7as e da Mobilidade. E a ex-vereadora da C\u00e2mara de Oeiras Joana Baptista, apresentada como um dos trunfos da coliga\u00e7\u00e3o de centro-direita durante a campanha eleitoral, acumula as Grandes Obras e Espa\u00e7os Verdes com a Higiene Urbana<\/strong>, que foi um dos pontos fracos mais frequentes nas cr\u00edticas da oposi\u00e7\u00e3o \u00e0 gest\u00e3o do autarca social-democrata.<\/p>\n<p>Para os parceiros de coliga\u00e7\u00e3o do PSD ficam grandes desafios. <strong>Entre os centristas, Diogo Moura dever\u00e1 ter a cargo, al\u00e9m da Cultura, a Economia e Turismo e a rela\u00e7\u00e3o com as freguesias, enquanto Maria Lu\u00edsa Aldim fica encarregue de <\/strong><strong>dossiers<\/strong><strong> caros ao CDS<\/strong>, como a Sa\u00fade, Desenvolvimento Social, Sem-Abrigo e Inova\u00e7\u00e3o. <strong>J\u00e1 os liberais, que se estreiam no executivo municipal, ter\u00e3o Rodrigo Melo Gon\u00e7alves com a Prote\u00e7\u00e3o Civil e a Educa\u00e7\u00e3o, cabendo a Vasco Anjos a Transpar\u00eancia e Combate \u00e0 Corrup\u00e7\u00e3o<\/strong>, Sistemas de Informa\u00e7\u00e3o, A\u00e7\u00e3o Clim\u00e1tica e tamb\u00e9m Desporto.<\/p>\n<p>Como era esperado, o vereador Vasco Moreira Rato, outra das grandes apostas de Carlos Moedas para o seu segundo mandato, ter\u00e1 os pelouros do Urbanismo e da Habita\u00e7\u00e3o, sucedendo a Filipa Roseta.<\/p>\n","protected":false},"excerpt":{"rendered":"A distribui\u00e7\u00e3o de pelouros na C\u00e2mara de Lisboa entre os vereadores eleitos pela coliga\u00e7\u00e3o Por Ti, Lisboa, formada&hellip;\n","protected":false},"author":2,"featured_media":157819,"comment_status":"","ping_status":"","sticky":false,"template":"","format":"standard","meta":{"footnotes":""},"categories":[10],"tags":[27,28,6827,3766,33804,15,16,33805,14,25,26,21,22,12,13,19,20,32,23,24,33,17,18,29,30,31],"class_list":{"0":"post-157818","1":"post","2":"type-post","3":"status-publish","4":"format-standard","5":"has-post-thumbnail","7":"category-portugal","8":"tag-breaking-news","9":"tag-breakingnews","10":"tag-camara-de-lisboa","11":"tag-carlos-moedas","12":"tag-diogo-moura","13":"tag-featured-news","14":"tag-featurednews","15":"tag-goncalo-reis","16":"tag-headlines","17":"tag-latest-news","18":"tag-latestnews","19":"tag-main-news","20":"tag-mainnews","21":"tag-news","22":"tag-noticias","23":"tag-noticias-principais","24":"tag-noticiasprincipais","25":"tag-portugal","26":"tag-principais-noticias","27":"tag-principaisnoticias","28":"tag-pt","29":"tag-top-stories","30":"tag-topstories","31":"tag-ultimas","32":"tag-ultimas-noticias","33":"tag-ultimasnoticias"},"share_on_mastodon":{"url":"https:\/\/pubeurope.com\/@pt\/115577271552304265","error":""},"_links":{"self":[{"href":"https:\/\/www.europesays.com\/pt\/wp-json\/wp\/v2\/posts\/157818","targetHints":{"allow":["GET"]}}],"collection":[{"href":"https:\/\/www.europesays.com\/pt\/wp-json\/wp\/v2\/posts"}],"about":[{"href":"https:\/\/www.europesays.com\/pt\/wp-json\/wp\/v2\/types\/post"}],"author":[{"embeddable":true,"href":"https:\/\/www.europesays.com\/pt\/wp-json\/wp\/v2\/users\/2"}],"replies":[{"embeddable":true,"href":"https:\/\/www.europesays.com\/pt\/wp-json\/wp\/v2\/comments?post=157818"}],"version-history":[{"count":0,"href":"https:\/\/www.europesays.com\/pt\/wp-json\/wp\/v2\/posts\/157818\/revisions"}],"wp:featuredmedia":[{"embeddable":true,"href":"https:\/\/www.europesays.com\/pt\/wp-json\/wp\/v2\/media\/157819"}],"wp:attachment":[{"href":"https:\/\/www.europesays.com\/pt\/wp-json\/wp\/v2\/media?parent=157818"}],"wp:term":[{"taxonomy":"category","embeddable":true,"href":"https:\/\/www.europesays.com\/pt\/wp-json\/wp\/v2\/categories?post=157818"},{"taxonomy":"post_tag","embeddable":true,"href":"https:\/\/www.europesays.com\/pt\/wp-json\/wp\/v2\/tags?post=157818"}],"curies":[{"name":"wp","href":"https:\/\/api.w.org\/{rel}","templated":true}]}}