{"id":157820,"date":"2025-11-19T16:19:14","date_gmt":"2025-11-19T16:19:14","guid":{"rendered":"https:\/\/www.europesays.com\/pt\/157820\/"},"modified":"2025-11-19T16:19:14","modified_gmt":"2025-11-19T16:19:14","slug":"chega-afunda-e-fica-a-mais-de-20-pontos-da-ad-e-a-10-do-ps-livre-ultrapassa-il-sondagem","status":"publish","type":"post","link":"https:\/\/www.europesays.com\/pt\/157820\/","title":{"rendered":"Chega afunda e fica a mais de 20 pontos da AD e a 10 do PS. Livre ultrapassa IL | Sondagem"},"content":{"rendered":"<p>A AD continuaria a vencer numas elei\u00e7\u00f5es legislativas, mas a actual geometria parlamentar poderia alterar-se se os portugueses tivessem sido chamados, por esta altura, novamente \u00e0s urnas. A coliga\u00e7\u00e3o PSD\/CDS cresceria cerca de sete pontos percentuais face aos resultados obtidos a 18 de Maio e o PS de Jos\u00e9 Lu\u00eds Carneiro refor\u00e7ava a sua vota\u00e7\u00e3o (mais 3,5 pontos percentuais), mas o Chega deveria deixar de ser o partido da oposi\u00e7\u00e3o com mais deputados na Assembleia da Rep\u00fablica, indica uma <a href=\"https:\/\/www.jn.pt\/nacional\/artigo\/sondagem-legislativas-ad-dispara-chega-derrapa-e-fica-dez-pontos-abaixo-do-ps\/18021479\" target=\"_blank\" rel=\"nofollow noopener\">nova sondagem<\/a> da Pitag\u00f3rica para o JN, TSF, TVI e CNN Portugal, registando uma queda de seis pontos percentuais. Assim, a AD garante perto de 22 pontos percentuais de vantagem sobre o partido populista de radical radical, ao passo que o PS fica 10 pontos \u00e0 frente do partido de Andr\u00e9 Ventura. Por outro lado, a AD fica praticamente 12 pontos percentuais \u00e0 frente do PS. J\u00e1 o Livre ultrapassa a IL.<\/p>\n<p>H\u00e1 seis meses, a coliga\u00e7\u00e3o liderada por Lu\u00eds Montenegro venceu as <a href=\"https:\/\/www.publico.pt\/2025\/05\/19\/politica\/noticia\/montenegro-relegitimado-precisa-oposicoes-deixem-trabalhar-2133515\" rel=\"nofollow noopener\" target=\"_blank\">elei\u00e7\u00f5es legislativas<\/a> com 31,21% dos votos. Agora \u2014 e depois de o partido que lidera, o PSD, tamb\u00e9m ter ganhado <a href=\"https:\/\/www.publico.pt\/2025\/10\/13\/politica\/noticia\/psd-ganha-autarquicas-ps-novo-folego-chega-atras-cds-2150570\" rel=\"nofollow noopener\" target=\"_blank\">as aut\u00e1rquicas<\/a> \u2014, a mais recente sondagem indica que conseguiria uma vit\u00f3ria refor\u00e7ada. Com mil entrevistas realizadas entre 5 e 14 de Novembro, o estudo de opini\u00e3o regista 38,5% das inten\u00e7\u00f5es de voto na coliga\u00e7\u00e3o PSD\/CDS. Tamb\u00e9m o PS de Jos\u00e9 Lu\u00eds Carneiro recolhe mais inten\u00e7\u00f5es de voto, com uma subida de 3,5 pontos percentuais face aos 22,83% dos votos recolhidos a 18 de Maio para se fixar nos 26,4%.<\/p>\n<p>J\u00e1 o Chega, que actualmente \u00e9 o partido da oposi\u00e7\u00e3o com mais deputados no Parlamento (60), regista uma queda acentuada e assistiria, previsivelmente, a uma diminui\u00e7\u00e3o do seu grupo parlamentar. Do resultado obtido nas \u00faltimas legislativas (22,76%), as inten\u00e7\u00f5es de voto naquele partido s\u00e3o agora de 16,7% \u2014 uma queda de 6,06 pontos percentuais que se traduz numa vantagem da AD de 21,8 pontos percentuais (mais de metade do resultado obtido em Maio, de 8,45 pontos percentuais de diferen\u00e7a). \u00c9 o partido liderado por Andr\u00e9 Ventura que mais desce face \u00e0s \u00faltimas elei\u00e7\u00f5es.<\/p>\n<p>J\u00e1 a Iniciativa Liberal (IL), que ficou em quarto lugar, mant\u00e9m os 5,36% dos votos de obtidos a 18 de Maio, mas \u00e9 ultrapassada pelo Livre, que cresce mais de 1,5 pontos, de 4,07% dos votos para 5,7% das inten\u00e7\u00f5es de voto. No \u00faltimo congresso do Livre, o co-porta-voz do partido, <a href=\"https:\/\/www.publico.pt\/2025\/09\/13\/politica\/noticia\/rui-tavares-ambicao-morder-canelas-chega-ultrapassalos-2147113\" rel=\"nofollow noopener\" target=\"_blank\">Rui Tavares<\/a>, destacou ter a ambi\u00e7\u00e3o de \u201cmorder as canelas ao Chega e ultrapass\u00e1-los\u201d.<\/p>\n<p>Al\u00e9m do Chega, \u00e0 esquerda tamb\u00e9m se registam quedas. A CDU (coliga\u00e7\u00e3o PCP-PEV), que obteve 2,91% dos votos, recua 0,51 pontos percentuais e regista 2,4% das inten\u00e7\u00f5es de voto. O PAN cai para 0,9% das inten\u00e7\u00f5es de voto (obteve um resultado de 1,38%), mas fica \u00e0 frente do <a href=\"https:\/\/www.publico.pt\/2025\/05\/19\/politica\/noticia\/bloco-admite-derrota-defende-campanha-promete-alargar-esquerda-2133472\" rel=\"nofollow noopener\" target=\"_blank\">Bloco de Esquerda<\/a> (ao contr\u00e1rio do que aconteceu nas legislativas), que cai para 0,7 das inten\u00e7\u00f5es de voto . Em Maio, recolheu 1,99% dos votos. Foi, at\u00e9 \u00e0 data, o pior resultado de sempre.<\/p>\n","protected":false},"excerpt":{"rendered":"A AD continuaria a vencer numas elei\u00e7\u00f5es legislativas, mas a actual geometria parlamentar poderia alterar-se se os portugueses&hellip;\n","protected":false},"author":2,"featured_media":157821,"comment_status":"","ping_status":"","sticky":false,"template":"","format":"standard","meta":{"footnotes":""},"categories":[8],"tags":[11507,27,28,1736,15,16,14,25,26,21,22,12,13,19,20,52,32,23,24,455,33,4862,17,18,29,30,31],"class_list":{"0":"post-157820","1":"post","2":"type-post","3":"status-publish","4":"format-standard","5":"has-post-thumbnail","7":"category-principais-noticias","8":"tag-ad","9":"tag-breaking-news","10":"tag-breakingnews","11":"tag-chega","12":"tag-featured-news","13":"tag-featurednews","14":"tag-headlines","15":"tag-latest-news","16":"tag-latestnews","17":"tag-main-news","18":"tag-mainnews","19":"tag-news","20":"tag-noticias","21":"tag-noticias-principais","22":"tag-noticiasprincipais","23":"tag-politica","24":"tag-portugal","25":"tag-principais-noticias","26":"tag-principaisnoticias","27":"tag-ps","28":"tag-pt","29":"tag-sondagem","30":"tag-top-stories","31":"tag-topstories","32":"tag-ultimas","33":"tag-ultimas-noticias","34":"tag-ultimasnoticias"},"share_on_mastodon":{"url":"https:\/\/pubeurope.com\/@pt\/115577275565406843","error":""},"_links":{"self":[{"href":"https:\/\/www.europesays.com\/pt\/wp-json\/wp\/v2\/posts\/157820","targetHints":{"allow":["GET"]}}],"collection":[{"href":"https:\/\/www.europesays.com\/pt\/wp-json\/wp\/v2\/posts"}],"about":[{"href":"https:\/\/www.europesays.com\/pt\/wp-json\/wp\/v2\/types\/post"}],"author":[{"embeddable":true,"href":"https:\/\/www.europesays.com\/pt\/wp-json\/wp\/v2\/users\/2"}],"replies":[{"embeddable":true,"href":"https:\/\/www.europesays.com\/pt\/wp-json\/wp\/v2\/comments?post=157820"}],"version-history":[{"count":0,"href":"https:\/\/www.europesays.com\/pt\/wp-json\/wp\/v2\/posts\/157820\/revisions"}],"wp:featuredmedia":[{"embeddable":true,"href":"https:\/\/www.europesays.com\/pt\/wp-json\/wp\/v2\/media\/157821"}],"wp:attachment":[{"href":"https:\/\/www.europesays.com\/pt\/wp-json\/wp\/v2\/media?parent=157820"}],"wp:term":[{"taxonomy":"category","embeddable":true,"href":"https:\/\/www.europesays.com\/pt\/wp-json\/wp\/v2\/categories?post=157820"},{"taxonomy":"post_tag","embeddable":true,"href":"https:\/\/www.europesays.com\/pt\/wp-json\/wp\/v2\/tags?post=157820"}],"curies":[{"name":"wp","href":"https:\/\/api.w.org\/{rel}","templated":true}]}}