{"id":157824,"date":"2025-11-19T16:23:10","date_gmt":"2025-11-19T16:23:10","guid":{"rendered":"https:\/\/www.europesays.com\/pt\/157824\/"},"modified":"2025-11-19T16:23:10","modified_gmt":"2025-11-19T16:23:10","slug":"confira-tudo-o-que-rolou-apos-a-votacao-de-a-fazenda-record","status":"publish","type":"post","link":"https:\/\/www.europesays.com\/pt\/157824\/","title":{"rendered":"confira tudo o que rolou ap\u00f3s a vota\u00e7\u00e3o de A Fazenda \u2013 Record"},"content":{"rendered":"<p><img decoding=\"async\" data-chromatic=\"ignore\" alt=\"\" class=\"c-image\" loading=\"lazy\" src=\"https:\/\/www.europesays.com\/pt\/wp-content\/uploads\/2025\/11\/LEGXQ74A6BAQNBJVTQDBK3M3UA.png\"  width=\"2116\" height=\"1153\"\/>Mesquita, Duda, Maria, Wallas, Saory e Carol movimentaram a sede Reprodu\u00e7\u00e3o\/RecordPlus <\/p>\n<p class=\"jarvics:base-text-neutral-high-400 base-text-[calc(theme(fontSize.xs)_*_var(--font-size,_1))] base-font-normal base-font-primary base-text-neutral-low-500 base-text-left\">Pense em uma vota\u00e7\u00e3o que abalou as estruturas em <a href=\"https:\/\/record.r7.com\/a-fazenda\/a-fazenda-17\/\" target=\"_self\" rel=\"nofollow noopener\" title=\"https:\/\/record.r7.com\/a-fazenda\/a-fazenda-17\/\"><b>A Fazenda 17<\/b><\/a>! Depois da <a href=\"https:\/\/record.r7.com\/a-fazenda\/a-fazenda-17\/novidades\/rivais-nos-banquinhos-entenda-como-foi-a-nona-formacao-da-roca-de-a-fazenda-17-19112025\/\" target=\"_self\" rel=\"nofollow noopener\" title=\"https:\/\/record.r7.com\/a-fazenda\/a-fazenda-17\/novidades\/rivais-nos-banquinhos-entenda-como-foi-a-nona-formacao-da-roca-de-a-fazenda-17-19112025\/\"><b>forma\u00e7\u00e3o da nona Ro\u00e7a<\/b><\/a>, uma avalanche de acontecimentos rolaram na sede. Teve treta pesada, alian\u00e7a de \u2018Marias\u2019 e at\u00e9 discuss\u00e3o de grupo. Se liga!<\/p>\n<ul class=\"b-article-body__list-unordered\">\n<li><b>Quer ficar por dentro de tudo que est\u00e1 acontecendo em\u00a0<\/b><b>A Fazenda 17<\/b><b>?\u00a0<\/b><a href=\"https:\/\/www.whatsapp.com\/channel\/0029Va2cJIR1noz2ahzX0D1N\" rel=\"nofollow noopener\" title=\"https:\/\/www.whatsapp.com\/channel\/0029Va2cJIR1noz2ahzX0D1N\" target=\"_blank\"><b>Clique aqui<\/b><\/a><b>\u00a0e fa\u00e7a parte do nosso canal no WhatsApp!<\/b><\/li>\n<\/ul>\n<p class=\"jarvics:base-text-neutral-high-400 base-text-[calc(theme(fontSize.xs)_*_var(--font-size,_1))] base-font-normal base-font-primary base-text-neutral-low-500 base-text-left\">Quando a pe\u00e3ozada retornou para a sede, <a href=\"https:\/\/record.r7.com\/a-fazenda\/a-fazenda-17\/peoes\/carol-lekker\" target=\"_self\" title=\"Carol Lekker\" rel=\"nofollow noopener\"><b>Carol Lekker<\/b><\/a> repercutiu a atitude de <a href=\"https:\/\/record.r7.com\/a-fazenda\/a-fazenda-17\/peoes\/dudu-camargo\" target=\"_self\" title=\"Dudu Camargo\" rel=\"nofollow noopener\"><b>Dudu Camargo<\/b><\/a>, que salvou <a href=\"https:\/\/record.r7.com\/a-fazenda\/a-fazenda-17\/peoes\/rayane-figliuzzi\" target=\"_self\" title=\"Rayane Figliuzzi\" rel=\"nofollow noopener\"><b>Rayane Figliuzzi<\/b><\/a> antes dos amigos: \u201cBrasil, vejam o que voc\u00eas fazem a\u00ed! N\u00e3o d\u00e1 para ficar nesse disse-me-disse. Pelo menos entre n\u00f3s, a gente tem que ter palavra. N\u00e3o adianta, a <a href=\"https:\/\/record.r7.com\/a-fazenda\/a-fazenda-17\/peoes\/saory-cardoso\" target=\"_self\" rel=\"nofollow noopener\" title=\"https:\/\/record.r7.com\/a-fazenda\/a-fazenda-17\/peoes\/saory-cardoso\"><b>Saory<\/b><\/a> n\u00e3o t\u00e1 nesse agora, mas no pr\u00f3ximo ela t\u00e1. Fala \u2018vou te salvar\u2019 e chega l\u00e1 e n\u00e3o salva?\u201d<\/p>\n<p class=\"jarvics:base-text-neutral-high-400 base-text-[calc(theme(fontSize.xs)_*_var(--font-size,_1))] base-font-normal base-font-primary base-text-neutral-low-500 base-text-left\">O jornalista nem deu ouvidos, e logo a discuss\u00e3o migrou para Saory e <a href=\"https:\/\/record.r7.com\/a-fazenda\/a-fazenda-17\/peoes\/luiz-mesquita\" target=\"_self\" title=\"Luiz Mesquita\" rel=\"nofollow noopener\"><b>Luiz Mesquita<\/b><\/a>. A dentista n\u00e3o curtiu ver o atleta de papo com as rivais depois da vota\u00e7\u00e3o. Ele explicou que estava comentando sobre o <a href=\"https:\/\/record.r7.com\/a-fazenda\/a-fazenda-17\/novidades\/producao-de-a-fazenda-17-da-ultimato-sobre-trato-dos-animais-e-carol-lekker-troca-farpas-com-rayane-19112025\/\" target=\"_self\" rel=\"nofollow noopener\" title=\"https:\/\/record.r7.com\/a-fazenda\/a-fazenda-17\/novidades\/producao-de-a-fazenda-17-da-ultimato-sobre-trato-dos-animais-e-carol-lekker-troca-farpas-com-rayane-19112025\/\"><b>recado da produ\u00e7\u00e3o sobre os animais<\/b><\/a>, mas a Fazendeira n\u00e3o deu bola: \u201cMesquita, faz o que voc\u00ea quiser. T\u00f4 conversando com o Dudu\u201d.<\/p>\n<p class=\"jarvics:base-text-neutral-high-400 base-text-[calc(theme(fontSize.xs)_*_var(--font-size,_1))] base-font-normal base-font-primary base-text-neutral-low-500 base-text-left\">O atleta disse que s\u00f3 quis se explicar, pois ouviu a dentista cit\u00e1-lo na conversa: \u201cVoc\u00ea nunca tem paci\u00eancia para ouvir, n\u00e9?\u201d Saory retrucou: \u201cVai crescer para cima da Ray, vai crescer para cima da <a href=\"https:\/\/record.r7.com\/a-fazenda\/a-fazenda-17\/peoes\/maria-caporusso\" target=\"_self\" rel=\"nofollow noopener\" title=\"https:\/\/record.r7.com\/a-fazenda\/a-fazenda-17\/peoes\/maria-caporusso\"><b>Maria<\/b><\/a>. Quer crescer para cima de mim, querido? Me poupe! Segura sua ondinha a\u00ed! Muito menos, queridinho! N\u00e3o apareceu at\u00e9 hoje e quer aparecer agora? Metendo o louco!\u201d.<\/p>\n<p class=\"jarvics:base-text-neutral-high-400 base-text-[calc(theme(fontSize.xs)_*_var(--font-size,_1))] base-font-normal base-font-primary base-text-neutral-low-500 base-text-left\">O clima acalmou, e a galera se espalhou pela sede. Na cozinha, <a href=\"https:\/\/record.r7.com\/a-fazenda\/a-fazenda-17\/peoes\/duda-wendling\" target=\"_self\" title=\"Duda Wendling\" rel=\"nofollow noopener\"><b>Duda Wendling<\/b><\/a> relembrou Maria que elas foram muito menosprezadas pelos pe\u00f5es, e apontou uma estrat\u00e9gia para a <a href=\"https:\/\/record.r7.com\/a-fazenda\/a-fazenda-17\/novidades\/duda-wendling-dudu-camargo-e-maria-caporusso-disputam-a-prova-do-fazendeiro-desta-quarta-19-19112025\/\" target=\"_self\" rel=\"nofollow noopener\" title=\"https:\/\/record.r7.com\/a-fazenda\/a-fazenda-17\/novidades\/duda-wendling-dudu-camargo-e-maria-caporusso-disputam-a-prova-do-fazendeiro-desta-quarta-19-19112025\/\"><b>Prova do Fazendeiro<\/b><\/a>: \u201cEstou te dando minha palavra&#8230; Se for para mirar em alvo para eliminar, eu elimino o Dudu\u201d.<\/p>\n<p class=\"jarvics:base-text-neutral-high-400 base-text-[calc(theme(fontSize.xs)_*_var(--font-size,_1))] base-font-normal base-font-primary base-text-neutral-low-500 base-text-left\">Maria lembrou que foi chamada de fraca, e prometeu: \u201cEssa volta vai ser feminina!\u201d.<\/p>\n<p class=\"jarvics:base-text-neutral-high-400 base-text-[calc(theme(fontSize.xs)_*_var(--font-size,_1))] base-font-normal base-font-primary base-text-neutral-low-500 base-text-left\">Enquanto o papo rolava, no quarto, Carol trocava insultos com <a href=\"https:\/\/record.r7.com\/a-fazenda\/a-fazenda-17\/peoes\/wallas-arrais\" target=\"_self\" title=\"Wallas Arrais\" rel=\"nofollow noopener\"><b>Wallas Arrais<\/b><\/a>. O cantor disse que n\u00e3o \u00e9 soberbo como a rival, e tem uma vida concreta fora do reality: \u201cTenho terreno, casa, banda, equipe de 20 funcion\u00e1rios sendo paga l\u00e1 fora, quietinho em casa me esperando. Eu n\u00e3o preciso chegar aqui mentindo dizendo o que sou, n\u00e3o. N\u00e3o precisa me ensinar de investimento, n\u00e3o. N\u00e3o preciso mentir para nada!\u201d.<\/p>\n<p class=\"jarvics:base-text-neutral-high-400 base-text-[calc(theme(fontSize.xs)_*_var(--font-size,_1))] base-font-normal base-font-primary base-text-neutral-low-500 base-text-left\">Wallas alegou que sempre trabalhou, e nunca precisou passar por cima de ningu\u00e9m. O pe\u00e3o apontou que a rival vai colher o que est\u00e1 plantando, pois ningu\u00e9m consegue se dar bem no mundo sendo como ela \u00e9. Carol debochou: \u201cO que voc\u00ea conhece do mundo? What do you know? O mundo \u00e9 muito amplo para voc\u00ea falar\u201d.<\/p>\n<p class=\"jarvics:base-text-neutral-high-400 base-text-[calc(theme(fontSize.xs)_*_var(--font-size,_1))] base-font-normal base-font-primary base-text-neutral-low-500 base-text-left\">O cantor tamb\u00e9m acusou a Miss Bumbum de querer ver ele acabado: \u201cDesmerece as pessoas, \u00e9 soberba, diz que as pessoas n\u00e3o s\u00e3o ningu\u00e9m, deseja meu mal, que quer me ver cancelado e na sarjeta!\u201d. Carol discordou, alegando que sequer usa a palavra \u2018sarjeta\u2019.<\/p>\n<p class=\"jarvics:base-text-neutral-high-400 base-text-[calc(theme(fontSize.xs)_*_var(--font-size,_1))] base-font-normal base-font-primary base-text-neutral-low-500 base-text-left\">Eles estavam finalizando a briga, dizendo que o Brasil vai decidir quem est\u00e1 certo na Ro\u00e7a de quinta (20), mas Saory aproveitou para alfinetar: \u201cVai ser lindo, voc\u00ea falou que eu, Duda e Carol vamos sair, e se voc\u00ea sair, vai ser lindo de ver!\u201d.<\/p>\n<p class=\"jarvics:base-text-neutral-high-400 base-text-[calc(theme(fontSize.xs)_*_var(--font-size,_1))] base-font-normal base-font-primary base-text-neutral-low-500 base-text-left\">Wallas deu um corte na peoa, e ela corrigiu o portugu\u00eas do cantor, que se irritou: \u201cT\u00e1 bom, professora, dentista! Vai tirar c\u00e1rie, fazer botox\u201d.<\/p>\n<p class=\"jarvics:base-text-neutral-high-400 base-text-[calc(theme(fontSize.xs)_*_var(--font-size,_1))] base-font-normal base-font-primary base-text-neutral-low-500 base-text-left\">A treta rolou solta at\u00e9 o toque da Baia, quando Carol foi obrigada a se retirar. Tenso, hein?<\/p>\n<p><b>Assista:<\/b><\/p>\n<p class=\"jarvics:base-text-neutral-high-400 base-text-[calc(theme(fontSize.xs)_*_var(--font-size,_1))] base-font-normal base-font-primary base-text-neutral-low-500 base-text-left\">Fique ligado! <a href=\"https:\/\/record.r7.com\/a-fazenda\/a-fazenda-17\/\" rel=\"nofollow noopener\" title=\"https:\/\/record.r7.com\/a-fazenda\/a-fazenda-17\/\" target=\"_blank\"><b>A Fazenda 17<\/b><\/a> vai ao ar de segunda a domingo, \u00e0s 22h30, na tela da <a href=\"https:\/\/record.r7.com\/\" rel=\"nofollow noopener\" target=\"_blank\"><b>RECORD<\/b><\/a>. Assine o <a href=\"https:\/\/www.recordplus.com\/home\" rel=\"nofollow noopener\" title=\"https:\/\/www.recordplus.com\/home\" target=\"_blank\"><b>RecordPlus<\/b><\/a> e tenha acesso \u00e0s c\u00e2meras 24 horas.<\/p>\n<p><b>Ninjas mais famosos que pe\u00f5es de A Fazenda 17? Relembre apari\u00e7\u00f5es dos homens de preto no reality<\/b><\/p>\n<p class=\"jarvics:base-text-neutral-high-400 base-text-[calc(theme(fontSize.xxs)_*_var(--font-size,_1))] base-font-semibold base-font-primary base-text-neutral-low-500 base-text-left\">Al\u00e9m do elenco bomb\u00e1stico, a sede de A Fazenda 17 tem outros frequentadores ass\u00edduos: os ninjas! Vestidos de preto dos p\u00e9s \u00e0 cabe\u00e7a, os seguran\u00e7as do reality rural entram em a\u00e7\u00e3o quando o fogo no feno passa do limite entre os pe\u00f5es. Nesta temporada, a interven\u00e7\u00e3o vem rolando solta nas tretas; relembre!<\/p>\n<p class=\"jarvics:base-text-neutral-high-400 base-text-[calc(theme(fontSize.little)_*_var(--font-size,_1))] base-font-normal base-font-primary base-text-neutral-low-500 base-text-left\">Arte\/R7<\/p>\n","protected":false},"excerpt":{"rendered":"Mesquita, Duda, Maria, Wallas, Saory e Carol movimentaram a sede Reprodu\u00e7\u00e3o\/RecordPlus Pense em uma vota\u00e7\u00e3o que abalou as&hellip;\n","protected":false},"author":2,"featured_media":157825,"comment_status":"","ping_status":"","sticky":false,"template":"","format":"standard","meta":{"footnotes":""},"categories":[142],"tags":[657,21355,114,115,32,33,21259,151,24065],"class_list":{"0":"post-157824","1":"post","2":"type-post","3":"status-publish","4":"format-standard","5":"has-post-thumbnail","7":"category-tv","8":"tag-a-fazenda","9":"tag-carol-lekker","10":"tag-entertainment","11":"tag-entretenimento","12":"tag-portugal","13":"tag-pt","14":"tag-saory-cardoso","15":"tag-tv","16":"tag-wallas-arrais"},"share_on_mastodon":{"url":"https:\/\/pubeurope.com\/@pt\/115577291361222666","error":""},"_links":{"self":[{"href":"https:\/\/www.europesays.com\/pt\/wp-json\/wp\/v2\/posts\/157824","targetHints":{"allow":["GET"]}}],"collection":[{"href":"https:\/\/www.europesays.com\/pt\/wp-json\/wp\/v2\/posts"}],"about":[{"href":"https:\/\/www.europesays.com\/pt\/wp-json\/wp\/v2\/types\/post"}],"author":[{"embeddable":true,"href":"https:\/\/www.europesays.com\/pt\/wp-json\/wp\/v2\/users\/2"}],"replies":[{"embeddable":true,"href":"https:\/\/www.europesays.com\/pt\/wp-json\/wp\/v2\/comments?post=157824"}],"version-history":[{"count":0,"href":"https:\/\/www.europesays.com\/pt\/wp-json\/wp\/v2\/posts\/157824\/revisions"}],"wp:featuredmedia":[{"embeddable":true,"href":"https:\/\/www.europesays.com\/pt\/wp-json\/wp\/v2\/media\/157825"}],"wp:attachment":[{"href":"https:\/\/www.europesays.com\/pt\/wp-json\/wp\/v2\/media?parent=157824"}],"wp:term":[{"taxonomy":"category","embeddable":true,"href":"https:\/\/www.europesays.com\/pt\/wp-json\/wp\/v2\/categories?post=157824"},{"taxonomy":"post_tag","embeddable":true,"href":"https:\/\/www.europesays.com\/pt\/wp-json\/wp\/v2\/tags?post=157824"}],"curies":[{"name":"wp","href":"https:\/\/api.w.org\/{rel}","templated":true}]}}