{"id":157826,"date":"2025-11-19T16:24:20","date_gmt":"2025-11-19T16:24:20","guid":{"rendered":"https:\/\/www.europesays.com\/pt\/157826\/"},"modified":"2025-11-19T16:24:20","modified_gmt":"2025-11-19T16:24:20","slug":"em-nova-turne-jason-mraz-vem-a-curitiba-em-3-de-marco-ingressos-serao-vendidos-a-partir-desta-quarta-19-cbn-curitiba-a-radio-que-toca-noticia","status":"publish","type":"post","link":"https:\/\/www.europesays.com\/pt\/157826\/","title":{"rendered":"Em nova turn\u00ea, Jason Mraz vem a Curitiba em 3 de mar\u00e7o; ingressos ser\u00e3o vendidos a partir desta quarta (19) \u2013 CBN Curitiba \u2013 A R\u00e1dio Que Toca Not\u00edcia"},"content":{"rendered":"<p>O Artista Jason Mraz vem a Curitiba no dia 3 de mar\u00e7o em sua turn\u00ea \u201cA Return to South America\u201d. O show acontece no Teatro Positivo e os ingressos estar\u00e3o \u00e0 venda a partir das 12h desta quarta-feira (19) pelo Disk Ingressos.<\/p>\n<p>SAIBA MAIS<\/p>\n<p>O show na capital paranaense abre a turn\u00ea no Brasil. A turn\u00ea que inicia em fevereiro em Santiago ainda passar\u00e1 por S\u00e3o Paulo, Rio de Janeiro, Belo Horizonte e Porto Alegre. Mraz interpretar\u00e1 um set-list retrospectivo com m\u00fasicas de seus mais de 20 anos de carreira, acompanhado por banda completa.<\/p>\n<p>\u201cRETURN TO SOUTH AMERICA TOUR\u201d<\/p>\n<p>03\/03 \u2013 Curitiba, Brasil \u2013 Teatro Positivo<\/p>\n<p>05\/03 \u2013 S\u00e3o Paulo, Brasil \u2013 Espa\u00e7o Unimed<\/p>\n<p>06\/03 \u2013 Rio de Janeiro, Brasil \u2013 Vivo Rio<\/p>\n<p>08\/03 \u2013 Belo Horizonte, Brasil \u2013 BeFly Hall<\/p>\n<p>10\/03 \u2013 Porto Alegre, Brasil \u2013 Audit\u00f3rio Ara\u00fajo Vianna<\/p>\n<p>JASON MRAZ EM CURITIBA<\/p>\n<p>Quando: 03 de mar\u00e7o de 2026 (ter\u00e7a-feira)<\/p>\n<p>Onde: Teatro Positivo (Rua Prof. Pedro Viriato Parigot de Souza, 5300)<\/p>\n<p>Hor\u00e1rio: abertura da casa \u00e0s 20h e show \u00e0s 21h<\/p>\n<p>Ingressos: os ingressos variam de R$ 400 a R$ 1.300, variando de acordo com o setor e modalidade escolhidos<\/p>\n<p>Vendas: Disk Ingressos (<a href=\"http:\/\/diskingressos.com.br\/\" rel=\"nofollow noopener\" target=\"_blank\">diskingressos.com.br<\/a>)<\/p>\n<p>Realiza\u00e7\u00e3o: MCA Concerts<\/p>\n","protected":false},"excerpt":{"rendered":"O Artista Jason Mraz vem a Curitiba no dia 3 de mar\u00e7o em sua turn\u00ea \u201cA Return to&hellip;\n","protected":false},"author":2,"featured_media":157827,"comment_status":"","ping_status":"","sticky":false,"template":"","format":"standard","meta":{"footnotes":""},"categories":[141],"tags":[114,115,149,150,32,33],"class_list":{"0":"post-157826","1":"post","2":"type-post","3":"status-publish","4":"format-standard","5":"has-post-thumbnail","7":"category-musica","8":"tag-entertainment","9":"tag-entretenimento","10":"tag-music","11":"tag-musica","12":"tag-portugal","13":"tag-pt"},"share_on_mastodon":{"url":"https:\/\/pubeurope.com\/@pt\/115577295305892995","error":""},"_links":{"self":[{"href":"https:\/\/www.europesays.com\/pt\/wp-json\/wp\/v2\/posts\/157826","targetHints":{"allow":["GET"]}}],"collection":[{"href":"https:\/\/www.europesays.com\/pt\/wp-json\/wp\/v2\/posts"}],"about":[{"href":"https:\/\/www.europesays.com\/pt\/wp-json\/wp\/v2\/types\/post"}],"author":[{"embeddable":true,"href":"https:\/\/www.europesays.com\/pt\/wp-json\/wp\/v2\/users\/2"}],"replies":[{"embeddable":true,"href":"https:\/\/www.europesays.com\/pt\/wp-json\/wp\/v2\/comments?post=157826"}],"version-history":[{"count":0,"href":"https:\/\/www.europesays.com\/pt\/wp-json\/wp\/v2\/posts\/157826\/revisions"}],"wp:featuredmedia":[{"embeddable":true,"href":"https:\/\/www.europesays.com\/pt\/wp-json\/wp\/v2\/media\/157827"}],"wp:attachment":[{"href":"https:\/\/www.europesays.com\/pt\/wp-json\/wp\/v2\/media?parent=157826"}],"wp:term":[{"taxonomy":"category","embeddable":true,"href":"https:\/\/www.europesays.com\/pt\/wp-json\/wp\/v2\/categories?post=157826"},{"taxonomy":"post_tag","embeddable":true,"href":"https:\/\/www.europesays.com\/pt\/wp-json\/wp\/v2\/tags?post=157826"}],"curies":[{"name":"wp","href":"https:\/\/api.w.org\/{rel}","templated":true}]}}