{"id":157844,"date":"2025-11-19T16:38:18","date_gmt":"2025-11-19T16:38:18","guid":{"rendered":"https:\/\/www.europesays.com\/pt\/157844\/"},"modified":"2025-11-19T16:38:18","modified_gmt":"2025-11-19T16:38:18","slug":"ela-nao-e-a-pessoa-mais-esperta-do-mundo","status":"publish","type":"post","link":"https:\/\/www.europesays.com\/pt\/157844\/","title":{"rendered":"\u201cEla n\u00e3o \u00e9 a pessoa mais esperta do mundo\u201d"},"content":{"rendered":"<p>Elon Musk usou sua pr\u00f3pria rede social, o X (ex-Twitter) para reagir a uma postagem em que Billie Eilish compartilhava conte\u00fados do grupo ativista My Voice, My Choice, que listava v\u00e1rias iniciativas humanit\u00e1rias que o agora trilion\u00e1rio poderia financiar sem perder seu status econ\u00f4mico.<\/p>\n<p>Nos Stories, a cantora republicou todos os slides e encerrou com uma tela preta chamando Musk de \u201ccovarde, frouxo, pat\u00e9tico, escroto do caralh*\u201d.<\/p>\n<p>Em resposta, Musk comentou: \u201cEla n\u00e3o \u00e9 a pessoa mais esperta do mundo\u201d.<\/p>\n<p>O coment\u00e1rio do ex-marido de Grimes foi interpretado como uma tentativa de desqualificar as cr\u00edticas feitas pela artista.<\/p>\n<p>N\u00e3o \u00e9 a primeira vez que Billie se posiciona contra bilion\u00e1rios.<\/p>\n<p>No fim de outubro de 2025, ao receber o pr\u00eamio de Inovadora Musical do Ano pela Wall Street Journal Magazine, ela criticou a desigualdade de riquezas, na frente de Mark Zuckerberg.<\/p>\n<p>\u201cEstamos vivendo um momento muito ruim e muito sombrio. As pessoas precisam ter empatia e ajudar, agora mais do que nunca, especialmente nos Estados Unidos. Eu diria que, se voc\u00ea tem dinheiro, seria \u00f3timo us\u00e1-lo para coisas boas e talvez d\u00e1-lo a pessoas que precisam\u201d.<\/p>\n<p>Na ocasi\u00e3o, a pr\u00f3pria artista doou US$ 11,5 milh\u00f5es, cerca de R$ 60,9 milh\u00f5es,, montante proveniente da turn\u00ea \u201cHit Me Hard and Soft\u201d, para apoiar projetos que combatem a fome, a crise clim\u00e1tica e a polui\u00e7\u00e3o por carbono.<\/p>\n<p>\u00a0<\/p>\n","protected":false},"excerpt":{"rendered":"Elon Musk usou sua pr\u00f3pria rede social, o X (ex-Twitter) para reagir a uma postagem em que Billie&hellip;\n","protected":false},"author":2,"featured_media":157845,"comment_status":"","ping_status":"","sticky":false,"template":"","format":"standard","meta":{"footnotes":""},"categories":[141],"tags":[114,115,149,150,32,33],"class_list":{"0":"post-157844","1":"post","2":"type-post","3":"status-publish","4":"format-standard","5":"has-post-thumbnail","7":"category-musica","8":"tag-entertainment","9":"tag-entretenimento","10":"tag-music","11":"tag-musica","12":"tag-portugal","13":"tag-pt"},"share_on_mastodon":{"url":"https:\/\/pubeurope.com\/@pt\/115577350316474907","error":""},"_links":{"self":[{"href":"https:\/\/www.europesays.com\/pt\/wp-json\/wp\/v2\/posts\/157844","targetHints":{"allow":["GET"]}}],"collection":[{"href":"https:\/\/www.europesays.com\/pt\/wp-json\/wp\/v2\/posts"}],"about":[{"href":"https:\/\/www.europesays.com\/pt\/wp-json\/wp\/v2\/types\/post"}],"author":[{"embeddable":true,"href":"https:\/\/www.europesays.com\/pt\/wp-json\/wp\/v2\/users\/2"}],"replies":[{"embeddable":true,"href":"https:\/\/www.europesays.com\/pt\/wp-json\/wp\/v2\/comments?post=157844"}],"version-history":[{"count":0,"href":"https:\/\/www.europesays.com\/pt\/wp-json\/wp\/v2\/posts\/157844\/revisions"}],"wp:featuredmedia":[{"embeddable":true,"href":"https:\/\/www.europesays.com\/pt\/wp-json\/wp\/v2\/media\/157845"}],"wp:attachment":[{"href":"https:\/\/www.europesays.com\/pt\/wp-json\/wp\/v2\/media?parent=157844"}],"wp:term":[{"taxonomy":"category","embeddable":true,"href":"https:\/\/www.europesays.com\/pt\/wp-json\/wp\/v2\/categories?post=157844"},{"taxonomy":"post_tag","embeddable":true,"href":"https:\/\/www.europesays.com\/pt\/wp-json\/wp\/v2\/tags?post=157844"}],"curies":[{"name":"wp","href":"https:\/\/api.w.org\/{rel}","templated":true}]}}