{"id":157846,"date":"2025-11-19T16:39:19","date_gmt":"2025-11-19T16:39:19","guid":{"rendered":"https:\/\/www.europesays.com\/pt\/157846\/"},"modified":"2025-11-19T16:39:19","modified_gmt":"2025-11-19T16:39:19","slug":"aposto-que-voce-ainda-nao-viu-este-filme-uma-grande-aventura-estrelada-por-johnny-depp-e-robert-pattinson-agora-disponivel-online-noticias-de-cinema","status":"publish","type":"post","link":"https:\/\/www.europesays.com\/pt\/157846\/","title":{"rendered":"Aposto que voc\u00ea ainda n\u00e3o viu este filme! Uma grande aventura estrelada por Johnny Depp e Robert Pattinson agora dispon\u00edvel online &#8211; Not\u00edcias de cinema"},"content":{"rendered":"<p>O longa \u00e9 a adapta\u00e7\u00e3o cinematogr\u00e1fica de um romance cl\u00e1ssico.<\/p>\n<p class=\"bo-p\">Este \u00e9 um filme imperd\u00edvel \u2013 nem que seja s\u00f3 pelos \u00f3culos de sol vintage que <a href=\"https:\/\/www.adorocinema.com\/personalidades\/personalidade-12839\/\" class=\"bo-link\" rel=\"nofollow noopener\" target=\"_blank\">Johnny Depp<\/a> (<a href=\"https:\/\/www.adorocinema.com\/filmes\/filme-288952\/\" class=\"bo-link\" rel=\"nofollow noopener\" target=\"_blank\">A Favorita do Rei<\/a>) usa durante toda a trama como o coronel s\u00e1dico! <\/p>\n<p class=\"bo-p\"><a href=\"https:\/\/www.adorocinema.com\/filmes\/filme-251126\/\" class=\"bo-link\" rel=\"nofollow noopener\" target=\"_blank\">\u00c0 Espera dos B\u00e1rbaros<\/a>, adapta\u00e7\u00e3o cinematogr\u00e1fica do cl\u00e1ssico romance de mesmo nome do ganhador do Pr\u00eamio Nobel <b>J. M. Coetzee<\/b>, teve sua estreia mundial na competi\u00e7\u00e3o do Festival de Cinema de Veneza. Mas, embora tenha sido muito bem recebido l\u00e1, depois desapareceu.  <\/p>\n<p>    <a class=\"cms-see-also\" data-title=\"Link relacionado\" href=\"https:\/\/www.adorocinema.com\/noticias\/filmes\/noticia-1000171378\/\" rel=\"nofollow noopener\" target=\"_blank\">Sugest\u00e3o de hoje no streaming: O filme mais louco de Johnny Depp \u00e9 uma verdadeira viagem de terror!<\/a><\/p>\n<p class=\"bo-p\">Portanto, apesar das atua\u00e7\u00f5es literalmente insanas de <a href=\"https:\/\/www.adorocinema.com\/personalidades\/personalidade-97604\/\" class=\"bo-link\" rel=\"nofollow noopener\" target=\"_blank\">Robert Pattinson<\/a> e Johnny Depp, quase ningu\u00e9m assistiu ao filme dispon\u00edvel para aluguel e compra no <a href=\"https:\/\/www.adorocinema.com\/distribuidores\/distribuidor-44436\/\" class=\"bo-link\" rel=\"nofollow noopener\" target=\"_blank\">Prime Video<\/a> e <b>Youtube<\/b>. <\/p>\n<p>Tema extremamente atual <\/p>\n<p class=\"bo-p\">Waiting For The Barbarians, no original, se passa em uma cidade fronteiri\u00e7a no deserto do Norte da \u00c1frica: geralmente n\u00e3o h\u00e1 problemas com as tribos n\u00f4mades \u2013 e at\u00e9 mesmo os incidentes s\u00e3o resolvidos com rapidez gra\u00e7as \u00e0 lideran\u00e7a sensata do conselho municipal (o vencedor do Oscar <a href=\"https:\/\/www.adorocinema.com\/personalidades\/personalidade-22853\/\" class=\"bo-link\" rel=\"nofollow noopener\" target=\"_blank\">Mark Rylance<\/a>). Mas ent\u00e3o o Coronel Joll (Depp) e seu ainda mais s\u00e1dico assistente, Mendel (Pattinson), aparecem. A pol\u00edcia secreta tortura um dos chamados &#8220;b\u00e1rbaros&#8221; at\u00e9 que ele &#8220;confesse&#8221; um ataque planejado contra a cidade. <\/p>\n<p>                                <img loading=\"lazy\" decoding=\"async\" class=\"article-figure-img\" src=\"https:\/\/www.europesays.com\/pt\/wp-content\/uploads\/2025\/11\/58ba9420ecdae6aa2406eeccfb0a0e78.jpg\" width=\"640\" height=\"320\" alt=\"\"\/><\/p>\n<p>                                    Iervolino &amp; Lady Bacardi Entertainment (ILBE)<\/p>\n<p class=\"bo-p\">Sob o pretexto de um suposto ataque iminente, Joll e seus homens ca\u00e7am as tribos n\u00f4mades \u2014 enquanto o magistrado sobrevivente cuida em secreto de uma jovem n\u00f4made torturada (<a href=\"https:\/\/www.adorocinema.com\/personalidades\/personalidade-720109\/\" class=\"bo-link\" rel=\"nofollow noopener\" target=\"_blank\">Gana Bayarsaikhan<\/a>) e, nesse processo, perde cada vez mais a f\u00e9 no ideal imperialista. <\/p>\n<p class=\"bo-p\">\u00c9 surpreendente como o romance, agora com 45 anos, ainda se mostra relevante hoje em dia \u2014 nenhuma atualiza\u00e7\u00e3o \u00e9 necess\u00e1ria para uma hist\u00f3ria t\u00e3o atual \u2014 e foi exatamente isso que <a href=\"https:\/\/www.adorocinema.com\/personalidades\/personalidade-200361\/\" class=\"bo-link\" rel=\"nofollow noopener\" target=\"_blank\">Ciro Guerra <\/a>fez com \u00c0 Espera dos B\u00e1rbaros.  <\/p>\n","protected":false},"excerpt":{"rendered":"O longa \u00e9 a adapta\u00e7\u00e3o cinematogr\u00e1fica de um romance cl\u00e1ssico. Este \u00e9 um filme imperd\u00edvel \u2013 nem que&hellip;\n","protected":false},"author":2,"featured_media":157847,"comment_status":"","ping_status":"","sticky":false,"template":"","format":"standard","meta":{"footnotes":""},"categories":[140],"tags":[33812,114,115,147,148,146,32,33],"class_list":{"0":"post-157846","1":"post","2":"type-post","3":"status-publish","4":"format-standard","5":"has-post-thumbnail","7":"category-filmes","8":"tag-a_espera_dos_barbaros","9":"tag-entertainment","10":"tag-entretenimento","11":"tag-film","12":"tag-filmes","13":"tag-movies","14":"tag-portugal","15":"tag-pt"},"share_on_mastodon":{"url":"https:\/\/pubeurope.com\/@pt\/115577354216835159","error":""},"_links":{"self":[{"href":"https:\/\/www.europesays.com\/pt\/wp-json\/wp\/v2\/posts\/157846","targetHints":{"allow":["GET"]}}],"collection":[{"href":"https:\/\/www.europesays.com\/pt\/wp-json\/wp\/v2\/posts"}],"about":[{"href":"https:\/\/www.europesays.com\/pt\/wp-json\/wp\/v2\/types\/post"}],"author":[{"embeddable":true,"href":"https:\/\/www.europesays.com\/pt\/wp-json\/wp\/v2\/users\/2"}],"replies":[{"embeddable":true,"href":"https:\/\/www.europesays.com\/pt\/wp-json\/wp\/v2\/comments?post=157846"}],"version-history":[{"count":0,"href":"https:\/\/www.europesays.com\/pt\/wp-json\/wp\/v2\/posts\/157846\/revisions"}],"wp:featuredmedia":[{"embeddable":true,"href":"https:\/\/www.europesays.com\/pt\/wp-json\/wp\/v2\/media\/157847"}],"wp:attachment":[{"href":"https:\/\/www.europesays.com\/pt\/wp-json\/wp\/v2\/media?parent=157846"}],"wp:term":[{"taxonomy":"category","embeddable":true,"href":"https:\/\/www.europesays.com\/pt\/wp-json\/wp\/v2\/categories?post=157846"},{"taxonomy":"post_tag","embeddable":true,"href":"https:\/\/www.europesays.com\/pt\/wp-json\/wp\/v2\/tags?post=157846"}],"curies":[{"name":"wp","href":"https:\/\/api.w.org\/{rel}","templated":true}]}}