{"id":157850,"date":"2025-11-19T16:47:09","date_gmt":"2025-11-19T16:47:09","guid":{"rendered":"https:\/\/www.europesays.com\/pt\/157850\/"},"modified":"2025-11-19T16:47:09","modified_gmt":"2025-11-19T16:47:09","slug":"londres-adverte-putin-apos-detecao-de-navio-russo-observador","status":"publish","type":"post","link":"https:\/\/www.europesays.com\/pt\/157850\/","title":{"rendered":"Londres adverte Putin ap\u00f3s dete\u00e7\u00e3o de navio russo \u2013 Observador"},"content":{"rendered":"<p>Acompanhe o nosso liveblog sobre a <a href=\"https:\/\/observador.pt\/liveblogs\/ataque-russo-em-kharkiv-faz-32-feridos-zelensky-visita-turquia-para-reavivar-negociacoes-de-paz-com-a-russia\/\" rel=\"nofollow noopener\" target=\"_blank\">guerra da Ucr\u00e2nia<\/a><\/p>\n<p>O ministro da Defesa brit\u00e2nico, John Healey, advertiu esta quarta-feira o Presidente russo, Vladimir Putin, ap\u00f3s a dete\u00e7\u00e3o do navio militar Yantar em \u00e1guas brit\u00e2nicas pela segunda vez este ano.<\/p>\n<p><strong>\u201cA minha mensagem \u00e0 R\u00fassia e a Putin \u00e9 a seguinte: estamos a ver-vos. Sabemos o que est\u00e3o a fazer. E se o Yantar se dirigir para sul esta semana, estamos preparados\u201d,<\/strong> afirmou o ministro numa confer\u00eancia de imprensa.<\/p>\n<p>Segundo o Minist\u00e9rio da Defesa, o navio Yantar \u00e9 uma embarca\u00e7\u00e3o utilizada para recolher informa\u00e7\u00f5es e mapear cabos submarinos, arrastando sensores atr\u00e1s de si.<\/p>\n<p>A marinha brit\u00e2nica mobilizou a fragata HMS Somerset e a for\u00e7a a\u00e9rea destacou aeronaves P-8 para acompanhar os movimentos da embarca\u00e7\u00e3o.<\/p>\n<p>O ministro especificou que o Yantar se encontrava agora na fronteira das \u00e1guas brit\u00e2nicas ao norte da Esc\u00f3cia e que, pela primeira vez, tinha apontado os seus lasers para pilotos brit\u00e2nicos que vigiavam as suas atividades.<\/p>\n<p>Segundo Healey, \u201cfaz parte de uma frota russa concebida para p\u00f4r em perigo e comprometer as nossas infraestruturas submarinas e as dos nossos aliados\u201d<\/p>\n<p>Trata-se de \u201cum programa russo (\u2026) que visa desenvolver capacidades que permitam assegurar a vigil\u00e2ncia em tempo de paz e a sabotagem em tempo de conflito\u201d, acrescentou.<\/p>\n<p>Esta \u00e9 a segunda vez este ano que este navio espi\u00e3o russo \u00e9 destacado para as \u00e1guas do Reino Unido, sendo uma de muitas embarca\u00e7\u00f5es russas concebidas para amea\u00e7ar a nossa infraestrutura subaqu\u00e1tica cr\u00edtica.<\/p>\n<p>A 22 de janeiro, John Healey j\u00e1 tinha alertado Vladimir Putin ap\u00f3s a dete\u00e7\u00e3o deste \u201cnavio espi\u00e3o russo\u201d no Canal da Mancha e depois no Mar do Norte, tendo na altura tamb\u00e9m sido mobilizados recursos militares para o vigiar.<\/p>\n<p>O Yantar seguiu ent\u00e3o para o Mediterr\u00e2neo.<\/p>\n","protected":false},"excerpt":{"rendered":"Acompanhe o nosso liveblog sobre a guerra da Ucr\u00e2nia O ministro da Defesa brit\u00e2nico, John Healey, advertiu esta&hellip;\n","protected":false},"author":2,"featured_media":157851,"comment_status":"","ping_status":"","sticky":false,"template":"","format":"standard","meta":{"footnotes":""},"categories":[50],"tags":[27,28,445,15,16,1123,14,25,26,5567,21,22,62,12,13,19,20,23,24,713,3879,17,18,1124,29,30,31,63,64,65],"class_list":{"0":"post-157850","1":"post","2":"type-post","3":"status-publish","4":"format-standard","5":"has-post-thumbnail","7":"category-mundo","8":"tag-breaking-news","9":"tag-breakingnews","10":"tag-europa","11":"tag-featured-news","12":"tag-featurednews","13":"tag-guerra-na-ucru00e2nia","14":"tag-headlines","15":"tag-latest-news","16":"tag-latestnews","17":"tag-londres","18":"tag-main-news","19":"tag-mainnews","20":"tag-mundo","21":"tag-news","22":"tag-noticias","23":"tag-noticias-principais","24":"tag-noticiasprincipais","25":"tag-principais-noticias","26":"tag-principaisnoticias","27":"tag-reino-unido","28":"tag-ru00fassia","29":"tag-top-stories","30":"tag-topstories","31":"tag-ucru00e2nia","32":"tag-ultimas","33":"tag-ultimas-noticias","34":"tag-ultimasnoticias","35":"tag-world","36":"tag-world-news","37":"tag-worldnews"},"share_on_mastodon":{"url":"https:\/\/pubeurope.com\/@pt\/115577385468285155","error":""},"_links":{"self":[{"href":"https:\/\/www.europesays.com\/pt\/wp-json\/wp\/v2\/posts\/157850","targetHints":{"allow":["GET"]}}],"collection":[{"href":"https:\/\/www.europesays.com\/pt\/wp-json\/wp\/v2\/posts"}],"about":[{"href":"https:\/\/www.europesays.com\/pt\/wp-json\/wp\/v2\/types\/post"}],"author":[{"embeddable":true,"href":"https:\/\/www.europesays.com\/pt\/wp-json\/wp\/v2\/users\/2"}],"replies":[{"embeddable":true,"href":"https:\/\/www.europesays.com\/pt\/wp-json\/wp\/v2\/comments?post=157850"}],"version-history":[{"count":0,"href":"https:\/\/www.europesays.com\/pt\/wp-json\/wp\/v2\/posts\/157850\/revisions"}],"wp:featuredmedia":[{"embeddable":true,"href":"https:\/\/www.europesays.com\/pt\/wp-json\/wp\/v2\/media\/157851"}],"wp:attachment":[{"href":"https:\/\/www.europesays.com\/pt\/wp-json\/wp\/v2\/media?parent=157850"}],"wp:term":[{"taxonomy":"category","embeddable":true,"href":"https:\/\/www.europesays.com\/pt\/wp-json\/wp\/v2\/categories?post=157850"},{"taxonomy":"post_tag","embeddable":true,"href":"https:\/\/www.europesays.com\/pt\/wp-json\/wp\/v2\/tags?post=157850"}],"curies":[{"name":"wp","href":"https:\/\/api.w.org\/{rel}","templated":true}]}}