{"id":157852,"date":"2025-11-19T16:48:12","date_gmt":"2025-11-19T16:48:12","guid":{"rendered":"https:\/\/www.europesays.com\/pt\/157852\/"},"modified":"2025-11-19T16:48:12","modified_gmt":"2025-11-19T16:48:12","slug":"colisao-entre-mota-e-carro-faz-dois-mortos-em-coimbra","status":"publish","type":"post","link":"https:\/\/www.europesays.com\/pt\/157852\/","title":{"rendered":"Colis\u00e3o entre mota e carro faz dois mortos em Coimbra"},"content":{"rendered":"<p data-remotead-prev-elm=\"true\" data-remotead-elm-id=\"inread\">O alerta para o sinistro na Rua Adriano Lucas foi dado \u00e0s 13.10 horas, segundo a informa\u00e7\u00e3o avan\u00e7ada ao JN pelo Comando Sub-Regional de Emerg\u00eancia e Prote\u00e7\u00e3o Civil da Regi\u00e3o de Coimbra. A via esteve cortada ao tr\u00e2nsito em ambos os sentidos.<\/p>\n<p>Segundo M\u00e1rio Miranda, sub-chefe principal dos Bombeiros Sapadores de Coimbra, o \u00f3bito do condutor do motociclo, de 21 anos, foi decretado no local pela equipa m\u00e9dica.<\/p>\n<p>O condutor do autom\u00f3vel, um homem de 82 anos, ainda foi transportado para os Hospitais da Universidade de Coimbra &#8220;em estado grave&#8221;, mas acabou por falecer.<\/p>\n<p data-remotead-prev-elm=\"true\" data-remotead-elm-id=\"centro1\"><img decoding=\"async\" class=\"ngx-body\" guid=\"c236dedd-134a-46e4-938a-fe98991d162c\" src=\"https:\/\/www.europesays.com\/pt\/wp-content\/uploads\/2025\/11\/1763570892_868_image.webp\" width=\"100%\"\/><\/p>\n<p>As circunst\u00e2ncias da colis\u00e3o na Rua Adriano Lucas est\u00e3o a ser investigadas pela PSP. Aos jornalistas, M\u00e1rio Miranda indica haver a informa\u00e7\u00e3o de que a v\u00edtima de 82 anos &#8220;estaria fora da viatura, j\u00e1 que teria sido projetada&#8221;. O motociclo &#8220;estava tamb\u00e9m junto \u00e0 viatura ligeira&#8221;, afirma.<\/p>\n<p>No local, estiveram 31 elementos dos bombeiros Sapadores e Volunt\u00e1rios de Coimbra, o INEM, a Cruz Vermelha e a PSP, com 13 viaturas.<\/p>\n","protected":false},"excerpt":{"rendered":"O alerta para o sinistro na Rua Adriano Lucas foi dado \u00e0s 13.10 horas, segundo a informa\u00e7\u00e3o avan\u00e7ada&hellip;\n","protected":false},"author":2,"featured_media":157853,"comment_status":"","ping_status":"","sticky":false,"template":"","format":"standard","meta":{"footnotes":""},"categories":[10],"tags":[33813,27,28,29579,15,16,14,25,26,21,22,12,13,19,20,32,23,24,33,17,18,29,30,31],"class_list":{"0":"post-157852","1":"post","2":"type-post","3":"status-publish","4":"format-standard","5":"has-post-thumbnail","7":"category-portugal","8":"tag-acidente-rodoviario","9":"tag-breaking-news","10":"tag-breakingnews","11":"tag-concelho-coimbra","12":"tag-featured-news","13":"tag-featurednews","14":"tag-headlines","15":"tag-latest-news","16":"tag-latestnews","17":"tag-main-news","18":"tag-mainnews","19":"tag-news","20":"tag-noticias","21":"tag-noticias-principais","22":"tag-noticiasprincipais","23":"tag-portugal","24":"tag-principais-noticias","25":"tag-principaisnoticias","26":"tag-pt","27":"tag-top-stories","28":"tag-topstories","29":"tag-ultimas","30":"tag-ultimas-noticias","31":"tag-ultimasnoticias"},"share_on_mastodon":{"url":"https:\/\/pubeurope.com\/@pt\/115577389533539225","error":""},"_links":{"self":[{"href":"https:\/\/www.europesays.com\/pt\/wp-json\/wp\/v2\/posts\/157852","targetHints":{"allow":["GET"]}}],"collection":[{"href":"https:\/\/www.europesays.com\/pt\/wp-json\/wp\/v2\/posts"}],"about":[{"href":"https:\/\/www.europesays.com\/pt\/wp-json\/wp\/v2\/types\/post"}],"author":[{"embeddable":true,"href":"https:\/\/www.europesays.com\/pt\/wp-json\/wp\/v2\/users\/2"}],"replies":[{"embeddable":true,"href":"https:\/\/www.europesays.com\/pt\/wp-json\/wp\/v2\/comments?post=157852"}],"version-history":[{"count":0,"href":"https:\/\/www.europesays.com\/pt\/wp-json\/wp\/v2\/posts\/157852\/revisions"}],"wp:featuredmedia":[{"embeddable":true,"href":"https:\/\/www.europesays.com\/pt\/wp-json\/wp\/v2\/media\/157853"}],"wp:attachment":[{"href":"https:\/\/www.europesays.com\/pt\/wp-json\/wp\/v2\/media?parent=157852"}],"wp:term":[{"taxonomy":"category","embeddable":true,"href":"https:\/\/www.europesays.com\/pt\/wp-json\/wp\/v2\/categories?post=157852"},{"taxonomy":"post_tag","embeddable":true,"href":"https:\/\/www.europesays.com\/pt\/wp-json\/wp\/v2\/tags?post=157852"}],"curies":[{"name":"wp","href":"https:\/\/api.w.org\/{rel}","templated":true}]}}