{"id":157859,"date":"2025-11-19T16:54:13","date_gmt":"2025-11-19T16:54:13","guid":{"rendered":"https:\/\/www.europesays.com\/pt\/157859\/"},"modified":"2025-11-19T16:54:13","modified_gmt":"2025-11-19T16:54:13","slug":"karina-do-aespa-e-anunciada-embaixadora-da-chanel-beauty","status":"publish","type":"post","link":"https:\/\/www.europesays.com\/pt\/157859\/","title":{"rendered":"Karina, do aespa, \u00e9 anunciada embaixadora da Chanel Beauty"},"content":{"rendered":"<p class=\"p1\">A cantora <strong>Karina<\/strong>, integrante do <strong>aespa<\/strong>, \u00e9 o novo rosto da Chanel Beauty. A novidade foi anunciada pela marca nesta ter\u00e7a-feira (18).<\/p>\n<p>  VEJA TAMB\u00c9M<\/p>\n<p>    <a href=\"https:\/\/billboard.com.br\/lisa-do-blackpink-se-iguala-ao-bts-com-vitoria-no-vma\/\" rel=\"nofollow noopener\" target=\"_blank\"><img loading=\"lazy\" decoding=\"async\" width=\"180\" height=\"180\" src=\"data:image\/svg+xml,%3Csvg%20xmlns=\" http:=\"\" class=\"attachment-theissue-thumbnail-x2 size-theissue-thumbnail-x2 wp-post-image\" alt=\"Lisa\" data-lazy- data-lazy- data-lazy-src=\"https:\/\/www.europesays.com\/pt\/wp-content\/uploads\/2025\/11\/Lisa-faz-historia-no-VMA-com-single-solo-180x180.webp.webp\"\/><\/a><\/p>\n<p class=\"p1\">Para marcar a ocasi\u00e3o, um ensaio fotogr\u00e1fico de estreia com a marca foi lan\u00e7ado pela revista \u201cW Korea\u201d.<\/p>\n<p class=\"p1\">\ud83d\udcf2 <a href=\"https:\/\/www.whatsapp.com\/channel\/0029ValKuvo4dTnMRyrLrD0W\" target=\"_blank\" rel=\"noopener nofollow\"><b>K-POP NO WHATSAPP: Participe do canal da Billboard Brasil para not\u00edcias e entrevistas exclusivas!<\/b><b\/><\/a><\/p>\n<p class=\"p1\">De acordo com a Chanel Beauty, \u201cKarina trouxe sua pr\u00f3pria interpreta\u00e7\u00e3o ao tema de longa data da marca, \u2018beleza natural\u2019, expressando um charme que parece ao mesmo tempo descomplicado e confiante\u201d.<\/p>\n<p class=\"p1\">Karina debutou no K-pop com o aespa em 2020. O grupo \u00e9 formado tamb\u00e9m por Giselle, Winter e Ningning.<\/p>\n<blockquote class=\"instagram-media\" style=\"background: #FFF; border: 0; border-radius: 3px; box-shadow: 0 0 1px 0 rgba(0,0,0,0.5),0 1px 10px 0 rgba(0,0,0,0.15); margin: 1px; max-width: 540px; min-width: 326px; padding: 0; width: calc(100% - 2px);\" data-instgrm-captioned=\"\" data-instgrm-permalink=\"https:\/\/www.instagram.com\/p\/DRLVS9kklDP\/?utm_source=ig_embed&amp;utm_campaign=loading\" data-instgrm-version=\"14\">\n<\/blockquote>\n<p>\t\t\t\t\t\t\t\t\t\t\t\t\t\t\t\t\t\t\t\t\t\t\t\t\t\t\t\t\t\t\t\t\t\t\t<script async src=\"\/\/www.instagram.com\/embed.js\"><\/script><\/p>\n","protected":false},"excerpt":{"rendered":"A cantora Karina, integrante do aespa, \u00e9 o novo rosto da Chanel Beauty. A novidade foi anunciada pela&hellip;\n","protected":false},"author":2,"featured_media":157860,"comment_status":"","ping_status":"","sticky":false,"template":"","format":"standard","meta":{"footnotes":""},"categories":[141],"tags":[114,115,149,150,32,33],"class_list":{"0":"post-157859","1":"post","2":"type-post","3":"status-publish","4":"format-standard","5":"has-post-thumbnail","7":"category-musica","8":"tag-entertainment","9":"tag-entretenimento","10":"tag-music","11":"tag-musica","12":"tag-portugal","13":"tag-pt"},"share_on_mastodon":{"url":"https:\/\/pubeurope.com\/@pt\/115577413047972888","error":""},"_links":{"self":[{"href":"https:\/\/www.europesays.com\/pt\/wp-json\/wp\/v2\/posts\/157859","targetHints":{"allow":["GET"]}}],"collection":[{"href":"https:\/\/www.europesays.com\/pt\/wp-json\/wp\/v2\/posts"}],"about":[{"href":"https:\/\/www.europesays.com\/pt\/wp-json\/wp\/v2\/types\/post"}],"author":[{"embeddable":true,"href":"https:\/\/www.europesays.com\/pt\/wp-json\/wp\/v2\/users\/2"}],"replies":[{"embeddable":true,"href":"https:\/\/www.europesays.com\/pt\/wp-json\/wp\/v2\/comments?post=157859"}],"version-history":[{"count":0,"href":"https:\/\/www.europesays.com\/pt\/wp-json\/wp\/v2\/posts\/157859\/revisions"}],"wp:featuredmedia":[{"embeddable":true,"href":"https:\/\/www.europesays.com\/pt\/wp-json\/wp\/v2\/media\/157860"}],"wp:attachment":[{"href":"https:\/\/www.europesays.com\/pt\/wp-json\/wp\/v2\/media?parent=157859"}],"wp:term":[{"taxonomy":"category","embeddable":true,"href":"https:\/\/www.europesays.com\/pt\/wp-json\/wp\/v2\/categories?post=157859"},{"taxonomy":"post_tag","embeddable":true,"href":"https:\/\/www.europesays.com\/pt\/wp-json\/wp\/v2\/tags?post=157859"}],"curies":[{"name":"wp","href":"https:\/\/api.w.org\/{rel}","templated":true}]}}