{"id":157865,"date":"2025-11-19T17:01:11","date_gmt":"2025-11-19T17:01:11","guid":{"rendered":"https:\/\/www.europesays.com\/pt\/157865\/"},"modified":"2025-11-19T17:01:11","modified_gmt":"2025-11-19T17:01:11","slug":"ataques-israelitas-no-libano-fazem-14-mortos-em-dois-dias","status":"publish","type":"post","link":"https:\/\/www.europesays.com\/pt\/157865\/","title":{"rendered":"Ataques israelitas no L\u00edbano fazem 14 mortos em dois dias"},"content":{"rendered":"<p>&#13;<br \/>\n<b>O Centro de Opera\u00e7\u00f5es de Emerg\u00eancia do Minist\u00e9rio da Sa\u00fade P\u00fablica do L\u00edbano anunciou em comunicado esta quarta-feira que \u201cum ataque do inimigo israelita contra um ve\u00edculo na aldeia de At Tiri, no distrito de Bint Jbeil, resultou na morte de um cidad\u00e3o e fez 11 feridos&#8221;.<\/b>&#13;\n<\/p>\n<p>A v\u00edtima mortal \u00e9 o motorista do autocarro, um habitante local identificado como Bilal Shayto.<\/p>\n<p><b>Entre os feridos est\u00e3o v\u00e1rios estudantes que viajavam num pequeno autocarro escolar e passavam pelo local do ataque, segundo a Ag\u00eancia Nacional de Not\u00edcias (NNA).\u00a0<\/b>Na ter\u00e7a-feira, Israel lan\u00e7ou um ataque contra Ain el-Helweh, o maior campo de refugiados palestinianos no sul do L\u00edbano, e 13 pessoas foram mortas.<\/p>\n<p>A Palestina disse que o ataque teve como alvo um clube desportivo, enquanto Israel afirmou ter atingido \u201cterroristas num campo de treino do Hamas\u201d. <b>O grupo palestiniano acusou Isael de \u201cpura cal\u00fania\u201d, afirmando que n\u00e3o possuiu \u201cnenhuma instala\u00e7\u00e3o militar\u201d em campos palestinianos no L\u00edbano.<\/b><\/p>\n<p>Israel continuou os seus ataques regulares ao L\u00edbano, apesar do cessar-fogo acordado h\u00e1 quase um ano, e, ap\u00f3s a implementa\u00e7\u00e3o da cessa\u00e7\u00e3o das hostilidades na Faixa de Gaza no m\u00eas passado, intensificou significativamente a sua campanha de bombardeamentos contra alvos suspeitos do grupo xiita liban\u00eas Hezbollah.<\/p>\n<p>O L\u00edbano acolhe aproximadamente 222 mil refugiados palestinianos, segundo a ONU, a maioria dos quais vive em condi\u00e7\u00f5es dif\u00edceis em campos. S\u00e3o descendentes de refugiados que fugiram da Palestina em 1948, durante a cria\u00e7\u00e3o do Estado de Israel.<\/p>\n<p>c\/ag\u00eancias&#13;\n<\/p>\n<p>&#13;<br \/>\n\u00a0&#13;<\/p>\n","protected":false},"excerpt":{"rendered":"&#13; O Centro de Opera\u00e7\u00f5es de Emerg\u00eancia do Minist\u00e9rio da Sa\u00fade P\u00fablica do L\u00edbano anunciou em comunicado esta&hellip;\n","protected":false},"author":2,"featured_media":157866,"comment_status":"","ping_status":"","sticky":false,"template":"","format":"standard","meta":{"footnotes":""},"categories":[50],"tags":[27,28,15,16,14,259,25,26,1516,21,22,62,12,13,19,20,23,24,17,18,29,30,31,63,64,65],"class_list":{"0":"post-157865","1":"post","2":"type-post","3":"status-publish","4":"format-standard","5":"has-post-thumbnail","7":"category-mundo","8":"tag-breaking-news","9":"tag-breakingnews","10":"tag-featured-news","11":"tag-featurednews","12":"tag-headlines","13":"tag-israel","14":"tag-latest-news","15":"tag-latestnews","16":"tag-libano","17":"tag-main-news","18":"tag-mainnews","19":"tag-mundo","20":"tag-news","21":"tag-noticias","22":"tag-noticias-principais","23":"tag-noticiasprincipais","24":"tag-principais-noticias","25":"tag-principaisnoticias","26":"tag-top-stories","27":"tag-topstories","28":"tag-ultimas","29":"tag-ultimas-noticias","30":"tag-ultimasnoticias","31":"tag-world","32":"tag-world-news","33":"tag-worldnews"},"share_on_mastodon":{"url":"https:\/\/pubeurope.com\/@pt\/115577440565287910","error":""},"_links":{"self":[{"href":"https:\/\/www.europesays.com\/pt\/wp-json\/wp\/v2\/posts\/157865","targetHints":{"allow":["GET"]}}],"collection":[{"href":"https:\/\/www.europesays.com\/pt\/wp-json\/wp\/v2\/posts"}],"about":[{"href":"https:\/\/www.europesays.com\/pt\/wp-json\/wp\/v2\/types\/post"}],"author":[{"embeddable":true,"href":"https:\/\/www.europesays.com\/pt\/wp-json\/wp\/v2\/users\/2"}],"replies":[{"embeddable":true,"href":"https:\/\/www.europesays.com\/pt\/wp-json\/wp\/v2\/comments?post=157865"}],"version-history":[{"count":0,"href":"https:\/\/www.europesays.com\/pt\/wp-json\/wp\/v2\/posts\/157865\/revisions"}],"wp:featuredmedia":[{"embeddable":true,"href":"https:\/\/www.europesays.com\/pt\/wp-json\/wp\/v2\/media\/157866"}],"wp:attachment":[{"href":"https:\/\/www.europesays.com\/pt\/wp-json\/wp\/v2\/media?parent=157865"}],"wp:term":[{"taxonomy":"category","embeddable":true,"href":"https:\/\/www.europesays.com\/pt\/wp-json\/wp\/v2\/categories?post=157865"},{"taxonomy":"post_tag","embeddable":true,"href":"https:\/\/www.europesays.com\/pt\/wp-json\/wp\/v2\/tags?post=157865"}],"curies":[{"name":"wp","href":"https:\/\/api.w.org\/{rel}","templated":true}]}}