{"id":157869,"date":"2025-11-19T17:03:14","date_gmt":"2025-11-19T17:03:14","guid":{"rendered":"https:\/\/www.europesays.com\/pt\/157869\/"},"modified":"2025-11-19T17:03:14","modified_gmt":"2025-11-19T17:03:14","slug":"prisao-com-pena-suspensa-para-schjelderup-por-partilhar-video-sexual-com-menores-justica","status":"publish","type":"post","link":"https:\/\/www.europesays.com\/pt\/157869\/","title":{"rendered":"Pris\u00e3o com pena suspensa para Schjelderup por partilhar v\u00eddeo sexual com menores | Justi\u00e7a"},"content":{"rendered":"<p>O futebolista internacional noruegu\u00eas Andreas Schjelderup, jogador do <a href=\"https:\/\/www.publico.pt\/desporto\/sl-benfica\" rel=\"nofollow noopener\" target=\"_blank\">Benfica<\/a>, foi nesta quarta-feira condenado pelo tribunal de Copenhaga a 14 dias de pris\u00e3o, com pena suspensa, depois de <a href=\"https:\/\/www.publico.pt\/2025\/11\/08\/desporto\/noticia\/jogador-benfica-acusado-partilha-ilegal-video-sexual-menores-2153938\" rel=\"nofollow noopener\" target=\"_blank\">partilhar um v\u00eddeo sexual com menores<\/a>.<\/p>\n<p>A Ag\u00eancia France Press adianta que o extremo &#8220;encarnado&#8221; ter\u00e1 pena suspensa, acrescida de um ano de liberdade condicional, enquanto a imprensa norueguesa acrescenta uma advert\u00eancia de deporta\u00e7\u00e3o da Dinamarca.<\/p>\n<p>O futebolista, de 21 anos, chegou ao tribunal de Copenhaga pouco antes do meio-dia e admitiu perante o juiz ter partilhado na rede Snapchat um v\u00eddeo de 27 segundos, que, segundo a imprensa dinamarquesa, era expl\u00edcito e envolvia menores de idade.<\/p>\n<p>&#8220;Vai levar um cart\u00e3o amarelo&#8221;, referiu o juiz Mathias Eike, ao proferir a senten\u00e7a.<\/p>\n<p>O incidente aconteceu h\u00e1 dois anos, quando o extremo tinha 19 anos e representava os dinamarqueses do Nordsjaelland, clube a que regressou por empr\u00e9stimo do Benfica.<\/p>\n<p>O advogado do jogador disse, entretanto, que a defesa est\u00e1 a analisar a senten\u00e7a para decidir se entrar\u00e1 ou n\u00e3o com recurso, com o representante a lembrar que Schjelderup se arrependeu imediatamente de &#8220;uma brincadeira de mau gosto&#8221; e que apagou logo de seguida o v\u00eddeo.<\/p>\n<p>Numa publica\u00e7\u00e3o na rede social Instagram, em 8 de Novembro, Schjelderup j\u00e1 tinha admitido ter cometido um &#8220;erro est\u00fapido&#8221; e que apagou o v\u00eddeo, assim que um amigo lhe explicou que o mesmo era ilegal.<\/p>\n<p>A Federa\u00e7\u00e3o Norueguesa de Futebol <a href=\"https:\/\/www.publico.pt\/2025\/11\/11\/desporto\/noticia\/andreas-schjelderup-cometeu-erro-grave-nao-sera-punido-seleccao-2154131\" rel=\"nofollow noopener\" target=\"_blank\">considera suficiente<\/a> a san\u00e7\u00e3o ao futebolista, que na \u00faltima quinta-feira jogou 20 minutos diante da Est\u00f3nia, e no domingo foi suplente n\u00e3o utilizado com a It\u00e1lia, num grupo que a Noruega venceu e garantir acesso directo ao Mundial 2026.<\/p>\n","protected":false},"excerpt":{"rendered":"O futebolista internacional noruegu\u00eas Andreas Schjelderup, jogador do Benfica, foi nesta quarta-feira condenado pelo tribunal de Copenhaga a&hellip;\n","protected":false},"author":2,"featured_media":157870,"comment_status":"","ping_status":"","sticky":false,"template":"","format":"standard","meta":{"footnotes":""},"categories":[8],"tags":[27,28,604,135,15,16,524,14,603,25,26,21,22,12,965,13,19,20,32,23,24,33,3099,17,18,29,30,31],"class_list":{"0":"post-157869","1":"post","2":"type-post","3":"status-publish","4":"format-standard","5":"has-post-thumbnail","7":"category-principais-noticias","8":"tag-breaking-news","9":"tag-breakingnews","10":"tag-crime","11":"tag-desporto","12":"tag-featured-news","13":"tag-featurednews","14":"tag-futebol","15":"tag-headlines","16":"tag-justica","17":"tag-latest-news","18":"tag-latestnews","19":"tag-main-news","20":"tag-mainnews","21":"tag-news","22":"tag-noruega","23":"tag-noticias","24":"tag-noticias-principais","25":"tag-noticiasprincipais","26":"tag-portugal","27":"tag-principais-noticias","28":"tag-principaisnoticias","29":"tag-pt","30":"tag-sl-benfica","31":"tag-top-stories","32":"tag-topstories","33":"tag-ultimas","34":"tag-ultimas-noticias","35":"tag-ultimasnoticias"},"share_on_mastodon":{"url":"https:\/\/pubeurope.com\/@pt\/115577448451312005","error":""},"_links":{"self":[{"href":"https:\/\/www.europesays.com\/pt\/wp-json\/wp\/v2\/posts\/157869","targetHints":{"allow":["GET"]}}],"collection":[{"href":"https:\/\/www.europesays.com\/pt\/wp-json\/wp\/v2\/posts"}],"about":[{"href":"https:\/\/www.europesays.com\/pt\/wp-json\/wp\/v2\/types\/post"}],"author":[{"embeddable":true,"href":"https:\/\/www.europesays.com\/pt\/wp-json\/wp\/v2\/users\/2"}],"replies":[{"embeddable":true,"href":"https:\/\/www.europesays.com\/pt\/wp-json\/wp\/v2\/comments?post=157869"}],"version-history":[{"count":0,"href":"https:\/\/www.europesays.com\/pt\/wp-json\/wp\/v2\/posts\/157869\/revisions"}],"wp:featuredmedia":[{"embeddable":true,"href":"https:\/\/www.europesays.com\/pt\/wp-json\/wp\/v2\/media\/157870"}],"wp:attachment":[{"href":"https:\/\/www.europesays.com\/pt\/wp-json\/wp\/v2\/media?parent=157869"}],"wp:term":[{"taxonomy":"category","embeddable":true,"href":"https:\/\/www.europesays.com\/pt\/wp-json\/wp\/v2\/categories?post=157869"},{"taxonomy":"post_tag","embeddable":true,"href":"https:\/\/www.europesays.com\/pt\/wp-json\/wp\/v2\/tags?post=157869"}],"curies":[{"name":"wp","href":"https:\/\/api.w.org\/{rel}","templated":true}]}}