{"id":15787,"date":"2025-08-04T16:18:08","date_gmt":"2025-08-04T16:18:08","guid":{"rendered":"https:\/\/www.europesays.com\/pt\/15787\/"},"modified":"2025-08-04T16:18:08","modified_gmt":"2025-08-04T16:18:08","slug":"spotify-agrava-precos-na-europa-incluindo-portugal-spotify","status":"publish","type":"post","link":"https:\/\/www.europesays.com\/pt\/15787\/","title":{"rendered":"Spotify agrava pre\u00e7os na Europa, incluindo Portugal | Spotify"},"content":{"rendered":"<p>Sem grande alarido e com algum secretismo, o Spotify come\u00e7ou a aplicar novos pre\u00e7os aos seus planos pagos em v\u00e1rios mercados, incluindo Portugal. A altera\u00e7\u00e3o, que envolve, por exemplo, um acr\u00e9scimo de mais de um euro por m\u00eas no plano Premium Duo \u2014 passando dos anteriores 10,49\u20ac para 11,99\u20ac \u2014 come\u00e7ou a ser vis\u00edvel em Julho para novos subscritores em Portugal. A medida, no entanto, s\u00f3 foi oficialmente comunicada esta segunda-feira, sem que a empresa tenha identificado os pa\u00edses afectados.<\/p>\n<p>        &#13;<br \/>\n            &#13;<br \/>\n            &#13;<br \/>\n                Usando o Internet Archive podemos verificar o plano de pre\u00e7os apresentado pelo Spotify  em 2 de Julho&#13;<br \/>\nDR            &#13;<br \/>\n&#13;<\/p>\n<p>Numa visita ao site portugu\u00eas da plataforma de streaming j\u00e1 s\u00e3o apresentados outros aumentos e at\u00e9 um novo plano. O anterior Premium Fam\u00edlia, com at\u00e9 seis utilizadores, passa de 13,99\u20ac\/m\u00eas para 16,99\u20ac\/m\u00eas, um aumento de 3\u20ac, equivalente a mais de 20%. E agora h\u00e1 um novo Premium Fam\u00edlia 4 (at\u00e9 quatro contas), com um custo mensal de 15,49\u20ac.<\/p>\n<p>O servi\u00e7o de streaming anunciou que os utilizadores ser\u00e3o informados \u201cao longo do pr\u00f3ximo m\u00eas\u201d. Fran\u00e7a, B\u00e9lgica, Luxemburgo e Pa\u00edses Baixos, que tinham tido aumentos recentes, parecem ter escapado desta ronda.<\/p>\n<p><strong>Contradi\u00e7\u00e3o no discurso<\/strong><\/p>\n<p>Embora pare\u00e7a uma reac\u00e7\u00e3o ao fraco desempenho bolsista recente, a verdade \u00e9 que este ajuste de pre\u00e7os n\u00e3o surgiu de forma improvisada. Em Abril, o Financial Times j\u00e1 dava <a href=\"https:\/\/www.publico.pt\/2025\/04\/26\/culturaipsilon\/noticia\/spotify-devera-aumentar-precos-assinaturas-europa-america-latina-2131051\" rel=\"nofollow noopener\" target=\"_blank\">conta da inten\u00e7\u00e3o<\/a> do Spotify de aumentar os valores das subscri\u00e7\u00f5es na Europa e Am\u00e9rica Latina durante o Ver\u00e3o.<\/p>\n<p>Esta estrat\u00e9gia, cuidadosamente planeada, surge numa altura em que a empresa tenta refor\u00e7ar as suas margens operacionais. No final de Julho, apesar de ter reportado um aumento no n\u00famero de assinantes pagos, o Spotify falhou as expectativas dos analistas em termos de lucros. Resultado? As ac\u00e7\u00f5es ca\u00edram 11,5% num s\u00f3 dia, o que se traduziu numa perda de capitaliza\u00e7\u00e3o de cerca de 16 mil milh\u00f5es de d\u00f3lares.<\/p>\n<p>        &#13;<\/p>\n<p>&#13;<br \/>\n                &#13;\n            <\/p>\n<p>&#13;<\/p>\n<p>Durante a apresenta\u00e7\u00e3o de resultados, o CEO Daniel Ek foi confrontado com a aparente relut\u00e2ncia em subir pre\u00e7os com maior frequ\u00eancia. A resposta foi clara: \u201cpreferimos manter os subscritores a longo prazo do que procurar ganhos imediatos\u201d.<\/p>\n<p>A pr\u00e1tica, no entanto, parece contar uma hist\u00f3ria diferente. A subida agora em vigor, e que abrange tamb\u00e9m o M\u00e9dio Oriente, \u00c1frica e Sul da \u00c1sia, sugere que o refor\u00e7o das margens \u2014 mesmo que \u00e0 custa da carteira dos utilizadores \u2014 \u00e9 cada vez mais a pol\u00edtica da empresa.<\/p>\n","protected":false},"excerpt":{"rendered":"Sem grande alarido e com algum secretismo, o Spotify come\u00e7ou a aplicar novos pre\u00e7os aos seus planos pagos&hellip;\n","protected":false},"author":2,"featured_media":15788,"comment_status":"","ping_status":"","sticky":false,"template":"","format":"standard","meta":{"footnotes":""},"categories":[83],"tags":[88,89,90,246,150,32,33,4565,940,110],"class_list":{"0":"post-15787","1":"post","2":"type-post","3":"status-publish","4":"format-standard","5":"has-post-thumbnail","7":"category-empresas","8":"tag-business","9":"tag-economy","10":"tag-empresas","11":"tag-enter","12":"tag-musica","13":"tag-portugal","14":"tag-pt","15":"tag-spotify","16":"tag-streaming","17":"tag-tecnologia"},"share_on_mastodon":{"url":"","error":""},"_links":{"self":[{"href":"https:\/\/www.europesays.com\/pt\/wp-json\/wp\/v2\/posts\/15787","targetHints":{"allow":["GET"]}}],"collection":[{"href":"https:\/\/www.europesays.com\/pt\/wp-json\/wp\/v2\/posts"}],"about":[{"href":"https:\/\/www.europesays.com\/pt\/wp-json\/wp\/v2\/types\/post"}],"author":[{"embeddable":true,"href":"https:\/\/www.europesays.com\/pt\/wp-json\/wp\/v2\/users\/2"}],"replies":[{"embeddable":true,"href":"https:\/\/www.europesays.com\/pt\/wp-json\/wp\/v2\/comments?post=15787"}],"version-history":[{"count":0,"href":"https:\/\/www.europesays.com\/pt\/wp-json\/wp\/v2\/posts\/15787\/revisions"}],"wp:featuredmedia":[{"embeddable":true,"href":"https:\/\/www.europesays.com\/pt\/wp-json\/wp\/v2\/media\/15788"}],"wp:attachment":[{"href":"https:\/\/www.europesays.com\/pt\/wp-json\/wp\/v2\/media?parent=15787"}],"wp:term":[{"taxonomy":"category","embeddable":true,"href":"https:\/\/www.europesays.com\/pt\/wp-json\/wp\/v2\/categories?post=15787"},{"taxonomy":"post_tag","embeddable":true,"href":"https:\/\/www.europesays.com\/pt\/wp-json\/wp\/v2\/tags?post=15787"}],"curies":[{"name":"wp","href":"https:\/\/api.w.org\/{rel}","templated":true}]}}