{"id":157875,"date":"2025-11-19T17:08:14","date_gmt":"2025-11-19T17:08:14","guid":{"rendered":"https:\/\/www.europesays.com\/pt\/157875\/"},"modified":"2025-11-19T17:08:14","modified_gmt":"2025-11-19T17:08:14","slug":"radio-educadora-fm-dois-vizinhos-pr-26","status":"publish","type":"post","link":"https:\/\/www.europesays.com\/pt\/157875\/","title":{"rendered":"R\u00e1dio Educadora FM &#8211; Dois Vizinhos PR."},"content":{"rendered":"<p>\n                            S\u00e9tima edi\u00e7\u00e3o ter\u00e1 nomes que atuaram em grandes clubes do pa\u00eds e do exterior.                        <\/p>\n<p style=\"text-align: justify;\">No s\u00e1bado, 29 de novembro, \u00e0s 17h, o Est\u00e1dio Municipal Frederico Galvan recebe a s\u00e9tima edi\u00e7\u00e3o do \u201cJogo das Estrelas\u201d, encontro anual que re\u00fane ex-atletas com passagem por clubes nacionais e internacionais, al\u00e9m de jogadores do munic\u00edpio e da regi\u00e3o. A partida ser\u00e1 contra ex-atletas que defenderam o Cascavel FC.<\/p>\n<p style=\"text-align: justify;\">Entre os participantes confirmados est\u00e3o Dagoberto, atacante revelado pelo Atlhetico Paranaense, com passagens por S\u00e3o Paulo, Internacional, Cruzeiro e Vit\u00f3ria, o zagueiro Carlos Gamarra, zagueiro refer\u00eancia do futebol paraguaio, conhecido no Brasil por suas atua\u00e7\u00f5es no Internacional, Corinthians e Flamengo, al\u00e9m da carreira internacional no Atl\u00e9tico de Madrid, Benfica e Inter de Mil\u00e3o.<\/p>\n<p style=\"text-align: justify;\">O evento contar\u00e1 ainda com Iarley, meia-atacante que atuou por equipes como Internacional, Boca Juniors, onde foi campe\u00e3o da Libertadores e Mundial, al\u00e9m de Paysandu, Cear\u00e1 e Corinthians. Outro nome confirmado \u00e9 Osvaldinho, ex-jogador duovizinhense com trajet\u00f3ria destacada em clubes brasileiros e do China. Outro nome confirmado \u00e9 Denilson, ex-lateral do Internacional, que integrou o elenco colorado no in\u00edcio dos anos 2000, e \u00c1valos, zagueiro argentino que defendeu o Santos e atuou em clubes como Argentinos Juniors, V\u00e9lez Sarsfield e Newell\u2019s Old Boys.<\/p>\n<p style=\"text-align: justify;\">Al\u00e9m dos convidados de renome nacional, o jogo contar\u00e1 com a participa\u00e7\u00e3o de atletas do munic\u00edpio e da regi\u00e3o, refor\u00e7ando o car\u00e1ter integrativo e comemorativo do evento.<\/p>\n<p style=\"text-align: justify;\">Fonte: Portal Educadora<\/p>\n","protected":false},"excerpt":{"rendered":"S\u00e9tima edi\u00e7\u00e3o ter\u00e1 nomes que atuaram em grandes clubes do pa\u00eds e do exterior. No s\u00e1bado, 29 de&hellip;\n","protected":false},"author":2,"featured_media":157876,"comment_status":"","ping_status":"","sticky":false,"template":"","format":"standard","meta":{"footnotes":""},"categories":[141],"tags":[3050,3056,3054,3055,3051,3052,114,115,1914,1915,149,150,3053,32,33,766],"class_list":{"0":"post-157875","1":"post","2":"type-post","3":"status-publish","4":"format-standard","5":"has-post-thumbnail","7":"category-musica","8":"tag-am","9":"tag-ao-vivo","10":"tag-dois-vizinhos","11":"tag-doisvizinhos","12":"tag-educadora","13":"tag-educadoradv","14":"tag-entertainment","15":"tag-entretenimento","16":"tag-fm","17":"tag-mp3","18":"tag-music","19":"tag-musica","20":"tag-player","21":"tag-portugal","22":"tag-pt","23":"tag-radio"},"share_on_mastodon":{"url":"https:\/\/pubeurope.com\/@pt\/115577467914977249","error":""},"_links":{"self":[{"href":"https:\/\/www.europesays.com\/pt\/wp-json\/wp\/v2\/posts\/157875","targetHints":{"allow":["GET"]}}],"collection":[{"href":"https:\/\/www.europesays.com\/pt\/wp-json\/wp\/v2\/posts"}],"about":[{"href":"https:\/\/www.europesays.com\/pt\/wp-json\/wp\/v2\/types\/post"}],"author":[{"embeddable":true,"href":"https:\/\/www.europesays.com\/pt\/wp-json\/wp\/v2\/users\/2"}],"replies":[{"embeddable":true,"href":"https:\/\/www.europesays.com\/pt\/wp-json\/wp\/v2\/comments?post=157875"}],"version-history":[{"count":0,"href":"https:\/\/www.europesays.com\/pt\/wp-json\/wp\/v2\/posts\/157875\/revisions"}],"wp:featuredmedia":[{"embeddable":true,"href":"https:\/\/www.europesays.com\/pt\/wp-json\/wp\/v2\/media\/157876"}],"wp:attachment":[{"href":"https:\/\/www.europesays.com\/pt\/wp-json\/wp\/v2\/media?parent=157875"}],"wp:term":[{"taxonomy":"category","embeddable":true,"href":"https:\/\/www.europesays.com\/pt\/wp-json\/wp\/v2\/categories?post=157875"},{"taxonomy":"post_tag","embeddable":true,"href":"https:\/\/www.europesays.com\/pt\/wp-json\/wp\/v2\/tags?post=157875"}],"curies":[{"name":"wp","href":"https:\/\/api.w.org\/{rel}","templated":true}]}}