{"id":157877,"date":"2025-11-19T17:10:17","date_gmt":"2025-11-19T17:10:17","guid":{"rendered":"https:\/\/www.europesays.com\/pt\/157877\/"},"modified":"2025-11-19T17:10:17","modified_gmt":"2025-11-19T17:10:17","slug":"f-c-porto-considera-se-a-equipa-mais-prejudicada-pelas-arbitragens","status":"publish","type":"post","link":"https:\/\/www.europesays.com\/pt\/157877\/","title":{"rendered":"F. C. Porto considera-se a &#8220;equipa mais prejudicada&#8221; pelas arbitragens"},"content":{"rendered":"<p data-remotead-prev-elm=\"true\" data-remotead-elm-id=\"inread\">A reuni\u00e3o pedida pelo F. C. Porto com o Conselho de Arbitragem, realizada esta ter\u00e7a-feira, com a presen\u00e7a de Andr\u00e9 Villas-Boas, na primeira meia-hora, do vice-presidente Tiago Madureira e do assessor\/formador dos drag\u00f5es para a \u00e1rea, Bertino Miranda, serviu para fazer um balan\u00e7o do primeiro ter\u00e7o do campeonato do ponto de vista da arbitragem.<\/p>\n<p>Ao que o JN apurou, os portistas apresentaram uma exposi\u00e7\u00e3o detalhada com v\u00e1rios lances de jogos das primeiras 11 jornadas, na qual alegaram que foram a equipa mais prejudicada por erros dos \u00e1rbitros e dos VAR at\u00e9 ao momento.<\/p>\n<p>Na reuni\u00e3o, foi tamb\u00e9m abordado o modelo de comunica\u00e7\u00e3o adotado pela FPF, nomeadamente as declara\u00e7\u00f5es p\u00fablicas de Duarte Gomes, diretor-t\u00e9cnico de arbitragem, sobre determinados lances pol\u00e9micos. Do ponto de vista do F. C. Porto, segundo apur\u00e1mos, essa comunica\u00e7\u00e3o tem alterado a perce\u00e7\u00e3o p\u00fablica dos erros de arbitragem que t\u00eam sido cometidos no campeonato.<\/p>\n","protected":false},"excerpt":{"rendered":"A reuni\u00e3o pedida pelo F. C. Porto com o Conselho de Arbitragem, realizada esta ter\u00e7a-feira, com a presen\u00e7a&hellip;\n","protected":false},"author":2,"featured_media":157878,"comment_status":"","ping_status":"","sticky":false,"template":"","format":"standard","meta":{"footnotes":""},"categories":[87],"tags":[12417,135,20558,524,32,33,134],"class_list":{"0":"post-157877","1":"post","2":"type-post","3":"status-publish","4":"format-standard","5":"has-post-thumbnail","7":"category-desporto","8":"tag-conselho-de-arbitragem","9":"tag-desporto","10":"tag-f-c-porto","11":"tag-futebol","12":"tag-portugal","13":"tag-pt","14":"tag-sports"},"share_on_mastodon":{"url":"https:\/\/pubeurope.com\/@pt\/115577475765183638","error":""},"_links":{"self":[{"href":"https:\/\/www.europesays.com\/pt\/wp-json\/wp\/v2\/posts\/157877","targetHints":{"allow":["GET"]}}],"collection":[{"href":"https:\/\/www.europesays.com\/pt\/wp-json\/wp\/v2\/posts"}],"about":[{"href":"https:\/\/www.europesays.com\/pt\/wp-json\/wp\/v2\/types\/post"}],"author":[{"embeddable":true,"href":"https:\/\/www.europesays.com\/pt\/wp-json\/wp\/v2\/users\/2"}],"replies":[{"embeddable":true,"href":"https:\/\/www.europesays.com\/pt\/wp-json\/wp\/v2\/comments?post=157877"}],"version-history":[{"count":0,"href":"https:\/\/www.europesays.com\/pt\/wp-json\/wp\/v2\/posts\/157877\/revisions"}],"wp:featuredmedia":[{"embeddable":true,"href":"https:\/\/www.europesays.com\/pt\/wp-json\/wp\/v2\/media\/157878"}],"wp:attachment":[{"href":"https:\/\/www.europesays.com\/pt\/wp-json\/wp\/v2\/media?parent=157877"}],"wp:term":[{"taxonomy":"category","embeddable":true,"href":"https:\/\/www.europesays.com\/pt\/wp-json\/wp\/v2\/categories?post=157877"},{"taxonomy":"post_tag","embeddable":true,"href":"https:\/\/www.europesays.com\/pt\/wp-json\/wp\/v2\/tags?post=157877"}],"curies":[{"name":"wp","href":"https:\/\/api.w.org\/{rel}","templated":true}]}}