{"id":157879,"date":"2025-11-19T17:15:15","date_gmt":"2025-11-19T17:15:15","guid":{"rendered":"https:\/\/www.europesays.com\/pt\/157879\/"},"modified":"2025-11-19T17:15:15","modified_gmt":"2025-11-19T17:15:15","slug":"os-retornados-de-angola-e-mocambique-historias-que-a-historia-quase-esqueceu-com-marta-martins-silva","status":"publish","type":"post","link":"https:\/\/www.europesays.com\/pt\/157879\/","title":{"rendered":"Os \u201cretornados\u201d de Angola e Mo\u00e7ambique: hist\u00f3rias que a Hist\u00f3ria quase esqueceu (com Marta Martins Silva)"},"content":{"rendered":"<p>RETORNO Em Lisboa, acumularam-se os caixotes de madeira com os bens dos portugueses que, em 1975, deixaram as ex-col\u00f3nias com destino a Portugal<\/p>\n<p>FOTO ARQUIVO A CAPITAL<\/p>\n<p>Ser\u00e1 o termo \u201cretornado\u201d adequado para qualificar estas pessoas? E em que contextos partiram? Tinham opini\u00f5es pol\u00edticas semelhantes? O que deixaram em \u00c1frica, como foram acolhidos e se integraram em Portugal, e como refizeram as suas vidas?<\/p>\n<p>Tiago Pereira Santos<\/p>\n<p>Um di\u00e1logo descontra\u00eddo em torno da Hist\u00f3ria, dos seus maiores personagens e acontecimentos. &#8216;A Hist\u00f3ria repete-se&#8217; n\u00e3o \u00e9 uma aula, mas quer suscitar curiosidade pelo passado e construir pontes com o presente. Todas as semanas Henrique Monteiro e Louren\u00e7o Pereira Coutinho partem de um ponto que pode levar a muitos outros&#8230; S\u00e3o assim as boas conversas. Oi\u00e7a aqui outros epis\u00f3dios:<\/p>\n","protected":false},"excerpt":{"rendered":"RETORNO Em Lisboa, acumularam-se os caixotes de madeira com os bens dos portugueses que, em 1975, deixaram as&hellip;\n","protected":false},"author":2,"featured_media":157880,"comment_status":"","ping_status":"","sticky":false,"template":"","format":"standard","meta":{"footnotes":""},"categories":[50],"tags":[27,28,15,16,14,25,26,21,22,62,12,13,19,20,23,24,17,18,29,30,31,63,64,65],"class_list":{"0":"post-157879","1":"post","2":"type-post","3":"status-publish","4":"format-standard","5":"has-post-thumbnail","7":"category-mundo","8":"tag-breaking-news","9":"tag-breakingnews","10":"tag-featured-news","11":"tag-featurednews","12":"tag-headlines","13":"tag-latest-news","14":"tag-latestnews","15":"tag-main-news","16":"tag-mainnews","17":"tag-mundo","18":"tag-news","19":"tag-noticias","20":"tag-noticias-principais","21":"tag-noticiasprincipais","22":"tag-principais-noticias","23":"tag-principaisnoticias","24":"tag-top-stories","25":"tag-topstories","26":"tag-ultimas","27":"tag-ultimas-noticias","28":"tag-ultimasnoticias","29":"tag-world","30":"tag-world-news","31":"tag-worldnews"},"share_on_mastodon":{"url":"https:\/\/pubeurope.com\/@pt\/115577495625940508","error":""},"_links":{"self":[{"href":"https:\/\/www.europesays.com\/pt\/wp-json\/wp\/v2\/posts\/157879","targetHints":{"allow":["GET"]}}],"collection":[{"href":"https:\/\/www.europesays.com\/pt\/wp-json\/wp\/v2\/posts"}],"about":[{"href":"https:\/\/www.europesays.com\/pt\/wp-json\/wp\/v2\/types\/post"}],"author":[{"embeddable":true,"href":"https:\/\/www.europesays.com\/pt\/wp-json\/wp\/v2\/users\/2"}],"replies":[{"embeddable":true,"href":"https:\/\/www.europesays.com\/pt\/wp-json\/wp\/v2\/comments?post=157879"}],"version-history":[{"count":0,"href":"https:\/\/www.europesays.com\/pt\/wp-json\/wp\/v2\/posts\/157879\/revisions"}],"wp:featuredmedia":[{"embeddable":true,"href":"https:\/\/www.europesays.com\/pt\/wp-json\/wp\/v2\/media\/157880"}],"wp:attachment":[{"href":"https:\/\/www.europesays.com\/pt\/wp-json\/wp\/v2\/media?parent=157879"}],"wp:term":[{"taxonomy":"category","embeddable":true,"href":"https:\/\/www.europesays.com\/pt\/wp-json\/wp\/v2\/categories?post=157879"},{"taxonomy":"post_tag","embeddable":true,"href":"https:\/\/www.europesays.com\/pt\/wp-json\/wp\/v2\/tags?post=157879"}],"curies":[{"name":"wp","href":"https:\/\/api.w.org\/{rel}","templated":true}]}}