{"id":157881,"date":"2025-11-19T17:16:18","date_gmt":"2025-11-19T17:16:18","guid":{"rendered":"https:\/\/www.europesays.com\/pt\/157881\/"},"modified":"2025-11-19T17:16:18","modified_gmt":"2025-11-19T17:16:18","slug":"policia-que-sodomizou-sem-abrigo-com-bastao-tinha-mais-sete-videos-de-agressoes-no-telemovel","status":"publish","type":"post","link":"https:\/\/www.europesays.com\/pt\/157881\/","title":{"rendered":"Pol\u00edcia que sodomizou sem-abrigo com bast\u00e3o tinha mais sete v\u00eddeos de agress\u00f5es no telem\u00f3vel"},"content":{"rendered":"<p data-remotead-prev-elm=\"true\" data-remotead-elm-id=\"inread\">Apesar de s\u00f3 dois elementos da PSP terem sido detidos e postos em pris\u00e3o preventiva em julho, uma decis\u00e3o confirmada este m\u00eas pelo Tribunal da Rela\u00e7\u00e3o de Lisboa, tal como o <a href=\"https:\/\/www.jn.pt\/justica\/artigo\/psp-sodomiza-sem-abrigo-com-bastao-colegas-filmam-a-cena-e-riem-se\/18021008\" target=\"_blank\" rel=\"nofollow noopener\">JN noticiou<\/a> na ter\u00e7a-feira, numa das filmagens v\u00ea-se os dois sem-abrigo no interior da Esquadra do Rato, a chorar, &#8220;perturbados e amedrontados&#8221; com a postura do primeiro agente e de, pelo menos, mais outros quatro elementos, que permaneceram a assistir, sem qualquer interven\u00e7\u00e3o, gravando o sucedido com os telem\u00f3veis e rindo-se perante o &#8220;real sofrimento&#8221; das v\u00edtimas.<\/p>\n","protected":false},"excerpt":{"rendered":"Apesar de s\u00f3 dois elementos da PSP terem sido detidos e postos em pris\u00e3o preventiva em julho, uma&hellip;\n","protected":false},"author":2,"featured_media":157882,"comment_status":"","ping_status":"","sticky":false,"template":"","format":"standard","meta":{"footnotes":""},"categories":[10],"tags":[27,28,15,16,14,603,25,26,21,22,12,13,19,20,32,23,24,1306,33,17,18,29,30,31,8102],"class_list":{"0":"post-157881","1":"post","2":"type-post","3":"status-publish","4":"format-standard","5":"has-post-thumbnail","7":"category-portugal","8":"tag-breaking-news","9":"tag-breakingnews","10":"tag-featured-news","11":"tag-featurednews","12":"tag-headlines","13":"tag-justica","14":"tag-latest-news","15":"tag-latestnews","16":"tag-main-news","17":"tag-mainnews","18":"tag-news","19":"tag-noticias","20":"tag-noticias-principais","21":"tag-noticiasprincipais","22":"tag-portugal","23":"tag-principais-noticias","24":"tag-principaisnoticias","25":"tag-psp","26":"tag-pt","27":"tag-top-stories","28":"tag-topstories","29":"tag-ultimas","30":"tag-ultimas-noticias","31":"tag-ultimasnoticias","32":"tag-violacao"},"share_on_mastodon":{"url":"https:\/\/pubeurope.com\/@pt\/115577499491055361","error":""},"_links":{"self":[{"href":"https:\/\/www.europesays.com\/pt\/wp-json\/wp\/v2\/posts\/157881","targetHints":{"allow":["GET"]}}],"collection":[{"href":"https:\/\/www.europesays.com\/pt\/wp-json\/wp\/v2\/posts"}],"about":[{"href":"https:\/\/www.europesays.com\/pt\/wp-json\/wp\/v2\/types\/post"}],"author":[{"embeddable":true,"href":"https:\/\/www.europesays.com\/pt\/wp-json\/wp\/v2\/users\/2"}],"replies":[{"embeddable":true,"href":"https:\/\/www.europesays.com\/pt\/wp-json\/wp\/v2\/comments?post=157881"}],"version-history":[{"count":0,"href":"https:\/\/www.europesays.com\/pt\/wp-json\/wp\/v2\/posts\/157881\/revisions"}],"wp:featuredmedia":[{"embeddable":true,"href":"https:\/\/www.europesays.com\/pt\/wp-json\/wp\/v2\/media\/157882"}],"wp:attachment":[{"href":"https:\/\/www.europesays.com\/pt\/wp-json\/wp\/v2\/media?parent=157881"}],"wp:term":[{"taxonomy":"category","embeddable":true,"href":"https:\/\/www.europesays.com\/pt\/wp-json\/wp\/v2\/categories?post=157881"},{"taxonomy":"post_tag","embeddable":true,"href":"https:\/\/www.europesays.com\/pt\/wp-json\/wp\/v2\/tags?post=157881"}],"curies":[{"name":"wp","href":"https:\/\/api.w.org\/{rel}","templated":true}]}}