{"id":157887,"date":"2025-11-19T17:19:10","date_gmt":"2025-11-19T17:19:10","guid":{"rendered":"https:\/\/www.europesays.com\/pt\/157887\/"},"modified":"2025-11-19T17:19:10","modified_gmt":"2025-11-19T17:19:10","slug":"o-que-significa-a-estatua-dragao-onca-que-a-china-deu-ao-brasil-na-cop30-cop30-amazonia","status":"publish","type":"post","link":"https:\/\/www.europesays.com\/pt\/157887\/","title":{"rendered":"O que significa a est\u00e1tua drag\u00e3o-on\u00e7a que a China deu ao Brasil na COP30 | COP30 Amaz\u00f4nia"},"content":{"rendered":"\n<p class=\" content-text__container theme-color-primary-first-letter\" data-track-category=\"Link no Texto\" data-track-links=\"\"> A <strong>est\u00e1tua<\/strong> em bronze, batizada como \u201c<strong>Esp\u00edrito Guardi\u00e3o Drag\u00e3o-On\u00e7a<\/strong>\u201d, da artista <strong>Huang Jian<\/strong>, foi encomendada pela <strong>China<\/strong> e trazida como presente para o <strong>Brasil<\/strong>. Instalada na <strong>Freezone Cultural Action<\/strong>, evento paralelo e complementar \u00e0 <strong>COP30<\/strong>, a est\u00e1tua tem sido alvo de<strong> intoler\u00e2ncia religiosa<\/strong> nas redes sociais. <\/p>\n<p class=\" content-text__container \" data-track-category=\"Link no Texto\" data-track-links=\"\"> Segundo a Prefeitura de Bel\u00e9m, o governo chin\u00eas informou que a obra ficar\u00e1 definitivamente no Brasil como s\u00edmbolo da coopera\u00e7\u00e3o bilateral na agenda ambiental. A expectativa \u00e9 de que, ap\u00f3s a COP30, o monumento seja instalado em \u00e1rea p\u00fablica de Bel\u00e9m. <\/p>\n<p>      <img decoding=\"async\" class=\"content-media__image\"  src=\"https:\/\/www.europesays.com\/pt\/wp-content\/uploads\/2025\/11\/belem.webp.jpeg\" alt=\"Artista Huang Jian com a est\u00e1tua Esp\u00edrito Guardi\u00e3o Drag\u00e3o-On\u00e7a \u2014 Foto: Divulga\u00e7\u00e3o\/Prefeitura de Bel\u00e9m\" width=\"680\" height=\"356\" loading=\"lazy\"\/>  Artista Huang Jian com a est\u00e1tua Esp\u00edrito Guardi\u00e3o Drag\u00e3o-On\u00e7a \u2014 Foto: Divulga\u00e7\u00e3o\/Prefeitura de Bel\u00e9m          <\/p>\n<p class=\" content-text__container \" data-track-category=\"Link no Texto\" data-track-links=\"\"> Ainda segundo a Prefeitura de Bel\u00e9m, a escolha das figuras combinadas se d\u00e1 porque o drag\u00e3o \u00e9 uma representa\u00e7\u00e3o chinesa e a on\u00e7a aparece como \u00edcone da for\u00e7a amaz\u00f4nica. Ambos s\u00e3o retratados como <strong>sentinelas <\/strong>e, por isso, aparecem com <strong>express\u00e3o furiosa e boca aberta<\/strong>. <\/p>\n<p class=\" content-text__container \" data-track-category=\"Link no Texto\" data-track-links=\"\"> Na obra, o drag\u00e3o-on\u00e7a segura o globo terrestre, representando a urg\u00eancia clim\u00e1tica e o compromisso global discutidos durante a COP 30. Segundo a artista, a fus\u00e3o de elementos das civiliza\u00e7\u00f5es chinesa e brasileira procura traduzir a parceria estrat\u00e9gica entre os pa\u00edses no enfrentamento das mudan\u00e7as clim\u00e1ticas. <\/p>\n<p class=\" content-text__container \" data-track-category=\"Link no Texto\" data-track-links=\"\"> O <strong>drag\u00e3o<\/strong>, na cultura chinesa, \u00e9 uma<strong> for\u00e7a protetora<\/strong>, associada \u00e0 sabedoria, prosperidade e \u00e0 harmonia entre os elementos da natureza, diz <a class=\"\" href=\"https:\/\/english.beijing.gov.cn\/specials\/beijingmagazine\/list\/202402\/P020240223364594855600.pdf\" target=\"_blank\" rel=\"nofollow noopener\">material educativo publicado por \u00f3rg\u00e3os oficiais de Pequim<\/a>. O pa\u00eds ainda compreende a figura como guardi\u00e3 das \u00e1guas, da chuva e da fertilidade. <\/p>\n","protected":false},"excerpt":{"rendered":"A est\u00e1tua em bronze, batizada como \u201cEsp\u00edrito Guardi\u00e3o Drag\u00e3o-On\u00e7a\u201d, da artista Huang Jian, foi encomendada pela China e&hellip;\n","protected":false},"author":2,"featured_media":157888,"comment_status":"","ping_status":"","sticky":false,"template":"","format":"standard","meta":{"footnotes":""},"categories":[144],"tags":[3274,207,205,206,203,201,202,726,358,6391,204,114,115,33814,1015,26560,32,33,1933,33815],"class_list":{"0":"post-157887","1":"post","2":"type-post","3":"status-publish","4":"format-standard","5":"has-post-thumbnail","7":"category-arte-e-design","8":"tag-amazonas","9":"tag-arte","10":"tag-arte-e-design","11":"tag-artedesign","12":"tag-arts","13":"tag-arts-and-design","14":"tag-artsanddesign","15":"tag-brasil","16":"tag-china","17":"tag-cop30","18":"tag-design","19":"tag-entertainment","20":"tag-entretenimento","21":"tag-esg-governanca-ambiental","22":"tag-instagram","23":"tag-jesus-cristo","24":"tag-portugal","25":"tag-pt","26":"tag-redes-sociais-online","27":"tag-social-e-corporativa"},"share_on_mastodon":{"url":"https:\/\/pubeurope.com\/@pt\/115577511385456431","error":""},"_links":{"self":[{"href":"https:\/\/www.europesays.com\/pt\/wp-json\/wp\/v2\/posts\/157887","targetHints":{"allow":["GET"]}}],"collection":[{"href":"https:\/\/www.europesays.com\/pt\/wp-json\/wp\/v2\/posts"}],"about":[{"href":"https:\/\/www.europesays.com\/pt\/wp-json\/wp\/v2\/types\/post"}],"author":[{"embeddable":true,"href":"https:\/\/www.europesays.com\/pt\/wp-json\/wp\/v2\/users\/2"}],"replies":[{"embeddable":true,"href":"https:\/\/www.europesays.com\/pt\/wp-json\/wp\/v2\/comments?post=157887"}],"version-history":[{"count":0,"href":"https:\/\/www.europesays.com\/pt\/wp-json\/wp\/v2\/posts\/157887\/revisions"}],"wp:featuredmedia":[{"embeddable":true,"href":"https:\/\/www.europesays.com\/pt\/wp-json\/wp\/v2\/media\/157888"}],"wp:attachment":[{"href":"https:\/\/www.europesays.com\/pt\/wp-json\/wp\/v2\/media?parent=157887"}],"wp:term":[{"taxonomy":"category","embeddable":true,"href":"https:\/\/www.europesays.com\/pt\/wp-json\/wp\/v2\/categories?post=157887"},{"taxonomy":"post_tag","embeddable":true,"href":"https:\/\/www.europesays.com\/pt\/wp-json\/wp\/v2\/tags?post=157887"}],"curies":[{"name":"wp","href":"https:\/\/api.w.org\/{rel}","templated":true}]}}