{"id":157890,"date":"2025-11-19T17:22:13","date_gmt":"2025-11-19T17:22:13","guid":{"rendered":"https:\/\/www.europesays.com\/pt\/157890\/"},"modified":"2025-11-19T17:22:13","modified_gmt":"2025-11-19T17:22:13","slug":"felix-do-stray-kids-fala-sobre-estilo-androgino-e-relacao-com-a-moda","status":"publish","type":"post","link":"https:\/\/www.europesays.com\/pt\/157890\/","title":{"rendered":"Felix, do Stray Kids, fala sobre estilo andr\u00f3gino e rela\u00e7\u00e3o com a moda"},"content":{"rendered":"<p>O rapper <strong>Felix<\/strong>, integrante do <strong>Stray<\/strong> <strong>Kids<\/strong>, falou sobre seu estilo em uma nova entrevista para a <a href=\"https:\/\/www.vogue.co.kr\/2025\/11\/19\/%ed%95%84%eb%a6%ad%ec%8a%a4-%ec%a0%80%eb%8a%94-%ec%9e%90%ec%8b%a0%ea%b0%90%ec%9d%84-%ed%83%80%ea%b3%a0%eb%82%9c-%ec%82%ac%eb%9e%8c%ec%9d%80-%ec%95%84%eb%8b%88%ec%97%90%ec%9a%94\/\" target=\"_blank\" rel=\"noopener nofollow\">revista \u201cVogue Korea\u201d<\/a>. Ele foi questionado sobre o visual andr\u00f3gino.<\/p>\n<p>  VEJA TAMB\u00c9M<\/p>\n<p>    <a href=\"https:\/\/billboard.com.br\/mama-awards-2025-park-bo-gum-apresentador\/\" rel=\"nofollow noopener\" target=\"_blank\"><img loading=\"lazy\" decoding=\"async\" width=\"180\" height=\"180\" src=\"data:image\/svg+xml,%3Csvg%20xmlns=\" http:=\"\" class=\"attachment-theissue-thumbnail-x2 size-theissue-thumbnail-x2 wp-post-image\" alt=\"Park Bo Gum\" data-lazy- data-lazy- data-lazy-src=\"https:\/\/www.europesays.com\/pt\/wp-content\/uploads\/2025\/11\/park-bo-gum-180x180.jpg\"\/><\/a><\/p>\n<p>\u201cQuando visto roupas, n\u00e3o me importo muito com o que parece \u2018masculino\u2019 ou \u2018feminino\u2019. Simplesmente misturo e combino o que me cai bem, desde que haja um elemento que chame a aten\u00e7\u00e3o e cause impacto. E que seja natural\u201d, explicou Felix.<\/p>\n<p>\u201cAs pessoas s\u00e3o diferentes umas das outras. O motivo pelo qual n\u00e3o me preocupo com isso \u00e9 porque a apar\u00eancia \u00fanica de cada pessoa \u00e9 mais natural. Para algumas pessoas, um visual \u2018masculino\u2019 parece natural, enquanto para outras, ter uma figura esguia e linhas delicadas parece mais natural. Todas essas apar\u00eancias s\u00e3o bonitas. Acho \u00f3timo ter sua pr\u00f3pria cor \u00fanica.\u201d<\/p>\n<p class=\"p1\">\ud83d\udcf2 <a href=\"https:\/\/www.whatsapp.com\/channel\/0029ValKuvo4dTnMRyrLrD0W\" target=\"_blank\" rel=\"noopener nofollow\"><b>K-POP NO WHATSAPP: Participe do canal da Billboard Brasil para not\u00edcias e entrevistas exclusivas!<\/b><b\/><\/a><\/p>\n<p>No ensaio fotogr\u00e1fico para a revista, Felix usou looks do designer franc\u00eas Nicolas Ghesqui\u00e8re.<\/p>\n<p>\u201cJ\u00e1 me disseram v\u00e1rias vezes que sou \u2018bonita\u2019. E minha voz \u00e9 grave e masculina. A combina\u00e7\u00e3o dessas duas qualidades me confere uma imagem andr\u00f3gina, o que considero uma grande vantagem, j\u00e1 que n\u00e3o \u00e9 algo que muitas pessoas possuem. Isso tamb\u00e9m me permite usar diversos tipos de roupa.\u201d<\/p>\n<p><img loading=\"lazy\" decoding=\"async\" class=\"size-full wp-image-160472\" src=\"data:image\/svg+xml,%3Csvg%20xmlns=\" http:=\"\" alt=\"Stray Kids\" width=\"983\" height=\"570\" data-lazy- data-lazy- data-lazy-src=\"https:\/\/www.europesays.com\/pt\/wp-content\/uploads\/2025\/11\/1763572933_71_stray-kids-1.jpg\"\/><a href=\"https:\/\/billboard.com.br\/artistas\/stray-kids\/\" data-internallinksmanager029f6b8e52c=\"219\" title=\"Stray Kids\" rel=\"nofollow noopener\" target=\"_blank\">Stray Kids<\/a> (JYP Entertainment)<\/p>\n","protected":false},"excerpt":{"rendered":"O rapper Felix, integrante do Stray Kids, falou sobre seu estilo em uma nova entrevista para a revista&hellip;\n","protected":false},"author":2,"featured_media":157891,"comment_status":"","ping_status":"","sticky":false,"template":"","format":"standard","meta":{"footnotes":""},"categories":[141],"tags":[114,115,149,150,32,33],"class_list":{"0":"post-157890","1":"post","2":"type-post","3":"status-publish","4":"format-standard","5":"has-post-thumbnail","7":"category-musica","8":"tag-entertainment","9":"tag-entretenimento","10":"tag-music","11":"tag-musica","12":"tag-portugal","13":"tag-pt"},"share_on_mastodon":{"url":"https:\/\/pubeurope.com\/@pt\/115577522956210960","error":""},"_links":{"self":[{"href":"https:\/\/www.europesays.com\/pt\/wp-json\/wp\/v2\/posts\/157890","targetHints":{"allow":["GET"]}}],"collection":[{"href":"https:\/\/www.europesays.com\/pt\/wp-json\/wp\/v2\/posts"}],"about":[{"href":"https:\/\/www.europesays.com\/pt\/wp-json\/wp\/v2\/types\/post"}],"author":[{"embeddable":true,"href":"https:\/\/www.europesays.com\/pt\/wp-json\/wp\/v2\/users\/2"}],"replies":[{"embeddable":true,"href":"https:\/\/www.europesays.com\/pt\/wp-json\/wp\/v2\/comments?post=157890"}],"version-history":[{"count":0,"href":"https:\/\/www.europesays.com\/pt\/wp-json\/wp\/v2\/posts\/157890\/revisions"}],"wp:featuredmedia":[{"embeddable":true,"href":"https:\/\/www.europesays.com\/pt\/wp-json\/wp\/v2\/media\/157891"}],"wp:attachment":[{"href":"https:\/\/www.europesays.com\/pt\/wp-json\/wp\/v2\/media?parent=157890"}],"wp:term":[{"taxonomy":"category","embeddable":true,"href":"https:\/\/www.europesays.com\/pt\/wp-json\/wp\/v2\/categories?post=157890"},{"taxonomy":"post_tag","embeddable":true,"href":"https:\/\/www.europesays.com\/pt\/wp-json\/wp\/v2\/tags?post=157890"}],"curies":[{"name":"wp","href":"https:\/\/api.w.org\/{rel}","templated":true}]}}