{"id":157892,"date":"2025-11-19T17:24:13","date_gmt":"2025-11-19T17:24:13","guid":{"rendered":"https:\/\/www.europesays.com\/pt\/157892\/"},"modified":"2025-11-19T17:24:13","modified_gmt":"2025-11-19T17:24:13","slug":"neemias-queta-marca-seis-pontos-na-terceira-vitoria-seguida-dos-celtics","status":"publish","type":"post","link":"https:\/\/www.europesays.com\/pt\/157892\/","title":{"rendered":"Neemias Queta marca seis pontos na terceira vit\u00f3ria seguida dos Celtics"},"content":{"rendered":"<p>                Titular nos 15 encontros do conjunto de Massachusetts esta temporada, o poste portugu\u00eas marcou tr\u00eas dos cinco lan\u00e7amentos de campo tentados, conseguindo ainda sete ressaltos, duas assist\u00eancias e tr\u00eas desarmes de lan\u00e7amento em 22.51 minutos de utiliza\u00e7\u00e3o.<\/p>\n<p>Neemias Queta apresenta, neste momento, m\u00e9dias de 9,1 pontos, 8,1 ressaltos, 1,7 assist\u00eancias e 1,5 desarmes de lan\u00e7amento em 24,5 minutos de utiliza\u00e7\u00e3o por jogo.<\/p>\n<p>Jaylen Brown voltou a ser o melhor marcador dos Celtics, com 29 pontos, num encontro em que Payton Pritchard conseguiu um \u2018duplo-duplo\u2019, com 22 pontos e 10 ressaltos, com Michael Porter Jr. a marcar 25 para os Nets.<\/p>\n<p>Com a terceira vit\u00f3ria consecutiva, os Boston Celtics passaram a ter um registo positivo esta temporada, com oito vit\u00f3rias e sete derrotas, ocupando o nono lugar na Confer\u00eancia Este, na qual os Brooklyn Nets est\u00e3o no 13.\u00ba e antepen\u00faltimo posto, com dois triunfos em 14 jogos.<\/p>\n<p>Tamb\u00e9m na ter\u00e7a-feira, LeBron James tornou-se o primeiro jogador a atuar em 23 temporadas da NBA, desempatando com o j\u00e1 reformado Vince Carter, que jogou em 22 \u00e9pocas.<\/p>\n<p>Depois de ter falhado o est\u00e1gio de pr\u00e9-temporada e os primeiros 14 encontros da \u00e9poca, devido a dor ci\u00e1tica, \u2018King\u2019 James conseguiu um \u2018duplo-duplo\u2019 na estreia, conseguindo 11 pontos e 12 assist\u00eancias na vit\u00f3ria dos Los Angeles Lakers sobre os Utah Jazz, por 140-126.&#13;\n            <\/p>\n","protected":false},"excerpt":{"rendered":"Titular nos 15 encontros do conjunto de Massachusetts esta temporada, o poste portugu\u00eas marcou tr\u00eas dos cinco lan\u00e7amentos&hellip;\n","protected":false},"author":2,"featured_media":157893,"comment_status":"","ping_status":"","sticky":false,"template":"","format":"standard","meta":{"footnotes":""},"categories":[87],"tags":[135,13,32,33,420,421,134],"class_list":{"0":"post-157892","1":"post","2":"type-post","3":"status-publish","4":"format-standard","5":"has-post-thumbnail","7":"category-desporto","8":"tag-desporto","9":"tag-noticias","10":"tag-portugal","11":"tag-pt","12":"tag-rtp","13":"tag-rtp-noticias","14":"tag-sports"},"share_on_mastodon":{"url":"https:\/\/pubeurope.com\/@pt\/115577530817665333","error":""},"_links":{"self":[{"href":"https:\/\/www.europesays.com\/pt\/wp-json\/wp\/v2\/posts\/157892","targetHints":{"allow":["GET"]}}],"collection":[{"href":"https:\/\/www.europesays.com\/pt\/wp-json\/wp\/v2\/posts"}],"about":[{"href":"https:\/\/www.europesays.com\/pt\/wp-json\/wp\/v2\/types\/post"}],"author":[{"embeddable":true,"href":"https:\/\/www.europesays.com\/pt\/wp-json\/wp\/v2\/users\/2"}],"replies":[{"embeddable":true,"href":"https:\/\/www.europesays.com\/pt\/wp-json\/wp\/v2\/comments?post=157892"}],"version-history":[{"count":0,"href":"https:\/\/www.europesays.com\/pt\/wp-json\/wp\/v2\/posts\/157892\/revisions"}],"wp:featuredmedia":[{"embeddable":true,"href":"https:\/\/www.europesays.com\/pt\/wp-json\/wp\/v2\/media\/157893"}],"wp:attachment":[{"href":"https:\/\/www.europesays.com\/pt\/wp-json\/wp\/v2\/media?parent=157892"}],"wp:term":[{"taxonomy":"category","embeddable":true,"href":"https:\/\/www.europesays.com\/pt\/wp-json\/wp\/v2\/categories?post=157892"},{"taxonomy":"post_tag","embeddable":true,"href":"https:\/\/www.europesays.com\/pt\/wp-json\/wp\/v2\/tags?post=157892"}],"curies":[{"name":"wp","href":"https:\/\/api.w.org\/{rel}","templated":true}]}}