{"id":157898,"date":"2025-11-19T17:29:23","date_gmt":"2025-11-19T17:29:23","guid":{"rendered":"https:\/\/www.europesays.com\/pt\/157898\/"},"modified":"2025-11-19T17:29:23","modified_gmt":"2025-11-19T17:29:23","slug":"psd-lidera-doze-pontos-acima-do-ps-que-ultrapassa-o-chega-livre-e-il-empatados","status":"publish","type":"post","link":"https:\/\/www.europesays.com\/pt\/157898\/","title":{"rendered":"PSD lidera doze pontos acima do PS, que ultrapassa o Chega. Livre e IL empatados"},"content":{"rendered":"<p data-remotead-prev-elm=\"true\" data-remotead-elm-id=\"inread\">Sem legislativas no horizonte pr\u00f3ximo e oito meses depois das elei\u00e7\u00f5es que devolveram o Governo a Lu\u00eds Montenegro, <strong>a AD refor\u00e7a as inten\u00e7\u00f5es de voto.<\/strong> Com distribui\u00e7\u00e3o de indecisos, s\u00e3o agora 38,5%, cerca de cinco pontos acima do que obteve em maio.<\/p>\n<p><strong>A coliga\u00e7\u00e3o PSD\/CDS no Governo leva 12 pontos (pp) de vantagem sobre o Partido Socialista. <\/strong>Os socialistas recuperam cerca de tr\u00eas pp e embora estejam no Parlamento atr\u00e1s do Chega, em n\u00famero de deputados, nesta sondagem regressam ao segundo lugar com 26,4%.<\/p>\n<p>O partido pol\u00edtico de Andr\u00e9 Ventura surge em terceiro lugar com 16,7%, sendo aquele que mais desce: s\u00e3o sete pontos abaixo dos resultados que fizeram crescer o grupo parlamentar em maio.<\/p>\n<p data-remotead-prev-elm=\"true\" data-remotead-elm-id=\"centro1\">Logo a seguir, outra das novidades desta sondagem: embora estejam empatados dentro da margem de erro, o Livre, com 5,7%, surge em vantagem em rela\u00e7\u00e3o \u00e0 Iniciativa Liberal, que tem 5,3% de inten\u00e7\u00f5es de voto. <strong>Em quebra e no fundo da tabela est\u00e3o a CDU (2,4%), o PAN (0,9%) e o Bloco de Esquerda (0,7%).<\/strong><\/p>\n<p><strong>A AD ganha em todos os segmentos, exceto junto dos mais velhos onde o PS ainda tem uma ligeira vantagem. <\/strong>Pelo contr\u00e1rio, junto dos mais jovens a inten\u00e7\u00e3o de voto na AD \u00e9 o dobro daquela obtida pelo Chega e pelo PS.<\/p>\n<p>Se a AD e o PS seguram quem neles votou nas \u00faltimas legislativas, o Chega parece perder para o bloco dos indecisos. <strong>Ali\u00e1s, o Chega, a Iniciativa Liberal e o Bloco de Esquerda s\u00e3o os partidos que apresentam maior n\u00famero de indecisos.<\/strong><\/p>\n<p>Ficha T\u00e9cnica<\/p>\n<p>Sondagem realizada pela Pitag\u00f3rica para a <strong>TSF<\/strong>\/JN\/TVI\/CNN Portugal, com o objetivo de avaliar a opini\u00e3o dos portugueses sobre temas relacionados com elei\u00e7\u00f5es legislativas. O trabalho de campo decorreu entre os dias 5 e 14 de novembro. A amostra foi recolhida de forma aleat\u00f3ria junto de eleitores recenseados em Portugal e foi devidamente estratificada por g\u00e9nero, idade e regi\u00e3o. A taxa de resposta foi de 52,47%. As 1000 entrevistas telef\u00f3nicas recolhidas correspondem a uma margem de erro m\u00e1xima de +\/- 3,16% para um n\u00edvel de confian\u00e7a de 95,5%. A dire\u00e7\u00e3o t\u00e9cnica do estudo \u00e9 da responsabilidade de Rita Marques da Silva.<\/p>\n","protected":false},"excerpt":{"rendered":"Sem legislativas no horizonte pr\u00f3ximo e oito meses depois das elei\u00e7\u00f5es que devolveram o Governo a Lu\u00eds Montenegro,&hellip;\n","protected":false},"author":2,"featured_media":157899,"comment_status":"","ping_status":"","sticky":false,"template":"","format":"standard","meta":{"footnotes":""},"categories":[50],"tags":[27,28,22703,15,16,14,25,26,21,22,62,12,13,19,20,52,23,24,4862,17,18,29,30,31,63,64,65],"class_list":{"0":"post-157898","1":"post","2":"type-post","3":"status-publish","4":"format-standard","5":"has-post-thumbnail","7":"category-mundo","8":"tag-breaking-news","9":"tag-breakingnews","10":"tag-eleicoes-legislativas","11":"tag-featured-news","12":"tag-featurednews","13":"tag-headlines","14":"tag-latest-news","15":"tag-latestnews","16":"tag-main-news","17":"tag-mainnews","18":"tag-mundo","19":"tag-news","20":"tag-noticias","21":"tag-noticias-principais","22":"tag-noticiasprincipais","23":"tag-politica","24":"tag-principais-noticias","25":"tag-principaisnoticias","26":"tag-sondagem","27":"tag-top-stories","28":"tag-topstories","29":"tag-ultimas","30":"tag-ultimas-noticias","31":"tag-ultimasnoticias","32":"tag-world","33":"tag-world-news","34":"tag-worldnews"},"share_on_mastodon":{"url":"https:\/\/pubeurope.com\/@pt\/115577550628879267","error":""},"_links":{"self":[{"href":"https:\/\/www.europesays.com\/pt\/wp-json\/wp\/v2\/posts\/157898","targetHints":{"allow":["GET"]}}],"collection":[{"href":"https:\/\/www.europesays.com\/pt\/wp-json\/wp\/v2\/posts"}],"about":[{"href":"https:\/\/www.europesays.com\/pt\/wp-json\/wp\/v2\/types\/post"}],"author":[{"embeddable":true,"href":"https:\/\/www.europesays.com\/pt\/wp-json\/wp\/v2\/users\/2"}],"replies":[{"embeddable":true,"href":"https:\/\/www.europesays.com\/pt\/wp-json\/wp\/v2\/comments?post=157898"}],"version-history":[{"count":0,"href":"https:\/\/www.europesays.com\/pt\/wp-json\/wp\/v2\/posts\/157898\/revisions"}],"wp:featuredmedia":[{"embeddable":true,"href":"https:\/\/www.europesays.com\/pt\/wp-json\/wp\/v2\/media\/157899"}],"wp:attachment":[{"href":"https:\/\/www.europesays.com\/pt\/wp-json\/wp\/v2\/media?parent=157898"}],"wp:term":[{"taxonomy":"category","embeddable":true,"href":"https:\/\/www.europesays.com\/pt\/wp-json\/wp\/v2\/categories?post=157898"},{"taxonomy":"post_tag","embeddable":true,"href":"https:\/\/www.europesays.com\/pt\/wp-json\/wp\/v2\/tags?post=157898"}],"curies":[{"name":"wp","href":"https:\/\/api.w.org\/{rel}","templated":true}]}}