{"id":157910,"date":"2025-11-19T17:42:12","date_gmt":"2025-11-19T17:42:12","guid":{"rendered":"https:\/\/www.europesays.com\/pt\/157910\/"},"modified":"2025-11-19T17:42:12","modified_gmt":"2025-11-19T17:42:12","slug":"jumanji-3-primeira-imagem-do-novo-filme-e-compartilhada","status":"publish","type":"post","link":"https:\/\/www.europesays.com\/pt\/157910\/","title":{"rendered":"Jumanji 3: Primeira imagem do novo filme \u00e9 compartilhada"},"content":{"rendered":"<p>  <img width=\"76\" height=\"40\"   alt=\"Capa da Publica\u00e7\u00e3o\" class=\"article-cover__image\"\/><\/p>\n<p class=\"post__tagline\">Filme estreia no final de 2026<\/p>\n<p>Agora \u00e9 oficial! Come\u00e7aram as grava\u00e7\u00f5es de <strong>Jumanji 3<\/strong> e a atriz <strong>Karen Gillan<\/strong> compartilhou a primeira imagem dos bastidores do novo filme.<\/p>\n<p>Ao lado dela, <strong>Dwayne Johnson<\/strong>,\u00a0<strong>Jack Black<\/strong> e <strong>Kevin Hart<\/strong> aparecem caracterizados como seus personagens, que retornam para sobreviver ao jogo.<\/p>\n<p><img fetchpriority=\"high\" decoding=\"async\" class=\"alignnone size-full wp-image-876703 lazyload\" alt=\"\" width=\"1440\" height=\"1370\" \/><\/p>\n<p>Jake Kasdan volta como diretor e nesse terceiro filme, o jogo vai para o mundo real e os personagens do game poder\u00e3o ser eles mesmos! Jumanji 3 est\u00e1 com estreia marcada para o Natal de 2026.<\/p>\n","protected":false},"excerpt":{"rendered":"Filme estreia no final de 2026 Agora \u00e9 oficial! Come\u00e7aram as grava\u00e7\u00f5es de Jumanji 3 e a atriz&hellip;\n","protected":false},"author":2,"featured_media":157911,"comment_status":"","ping_status":"","sticky":false,"template":"","format":"standard","meta":{"footnotes":""},"categories":[140],"tags":[33816,114,115,147,148,146,32,33],"class_list":{"0":"post-157910","1":"post","2":"type-post","3":"status-publish","4":"format-standard","5":"has-post-thumbnail","7":"category-filmes","8":"tag-a-vida-moderna-de-rocko","9":"tag-entertainment","10":"tag-entretenimento","11":"tag-film","12":"tag-filmes","13":"tag-movies","14":"tag-portugal","15":"tag-pt"},"share_on_mastodon":{"url":"https:\/\/pubeurope.com\/@pt\/115577601643899655","error":""},"_links":{"self":[{"href":"https:\/\/www.europesays.com\/pt\/wp-json\/wp\/v2\/posts\/157910","targetHints":{"allow":["GET"]}}],"collection":[{"href":"https:\/\/www.europesays.com\/pt\/wp-json\/wp\/v2\/posts"}],"about":[{"href":"https:\/\/www.europesays.com\/pt\/wp-json\/wp\/v2\/types\/post"}],"author":[{"embeddable":true,"href":"https:\/\/www.europesays.com\/pt\/wp-json\/wp\/v2\/users\/2"}],"replies":[{"embeddable":true,"href":"https:\/\/www.europesays.com\/pt\/wp-json\/wp\/v2\/comments?post=157910"}],"version-history":[{"count":0,"href":"https:\/\/www.europesays.com\/pt\/wp-json\/wp\/v2\/posts\/157910\/revisions"}],"wp:featuredmedia":[{"embeddable":true,"href":"https:\/\/www.europesays.com\/pt\/wp-json\/wp\/v2\/media\/157911"}],"wp:attachment":[{"href":"https:\/\/www.europesays.com\/pt\/wp-json\/wp\/v2\/media?parent=157910"}],"wp:term":[{"taxonomy":"category","embeddable":true,"href":"https:\/\/www.europesays.com\/pt\/wp-json\/wp\/v2\/categories?post=157910"},{"taxonomy":"post_tag","embeddable":true,"href":"https:\/\/www.europesays.com\/pt\/wp-json\/wp\/v2\/tags?post=157910"}],"curies":[{"name":"wp","href":"https:\/\/api.w.org\/{rel}","templated":true}]}}