{"id":157924,"date":"2025-11-19T17:53:14","date_gmt":"2025-11-19T17:53:14","guid":{"rendered":"https:\/\/www.europesays.com\/pt\/157924\/"},"modified":"2025-11-19T17:53:14","modified_gmt":"2025-11-19T17:53:14","slug":"absurdo-mas-real-como-um-paraquedista-foi-fotografado-a-furar-o-sol","status":"publish","type":"post","link":"https:\/\/www.europesays.com\/pt\/157924\/","title":{"rendered":"&#8220;Absurdo mas real&#8221;. Como um paraquedista foi fotografado a furar o Sol"},"content":{"rendered":"<p class=\"wp-caption-text top\"><a href=\"https:\/\/cosmicbackground.io\/\" rel=\"nofollow external noopener noreferrer\" data-wpel-link=\"external\" target=\"_blank\" class=\"ext-link\">Andrew McCarthy\/cosmicbackground.io<\/a><\/p>\n<p><img decoding=\"async\" loading=\"lazy\" class=\"wp-image-712179 size-kopa-image-size-3\" src=\"https:\/\/www.europesays.com\/pt\/wp-content\/uploads\/2025\/11\/f3be18cc70b9b561c21f7f524c52163f-783x450.jpg\" alt=\"\" width=\"700\" height=\"402\"\/><\/p>\n<p class=\"wp-caption-text bot\">\u201cThe Fall of Icarus\u201d. Gabriel C. Brown a atravessar a atmosfera terrestre em frente ao Sol numa fotografia in\u00e9dita.<\/p>\n<p><strong>\u201cApanhei, meu!\u201d. Andrew McCarthy voltou a fazer das suas, desta vez, contra a cromosfera e em queda livre. Eis \u201cA Queda de \u00cdcaro\u201d.<br \/><\/strong><\/p>\n<p>Pode parecer uma completa \u2018fantochada\u2019 criada no photoshop ou por IA, mas esta fotografia \u00e9 real. Foi captada pelo astrofot\u00f3grafo <strong>Andrew McCarthy<\/strong> e \u201c\u00e9 capaz de ser a primeira foto deste tipo\u201d de sempre, <a href=\"https:\/\/x.com\/AJamesMcCarthy\/status\/1989027887689998561?ref_src=twsrc%5Etfw%7Ctwcamp%5Etweetembed%7Ctwterm%5E1989027887689998561%7Ctwgr%5Ea1c0dc55451b65e833941a81f080053aa50f67fa%7Ctwcon%5Es1_&amp;ref_url=https%3A%2F%2Fwww.sciencealert.com%2Fskydiver-caught-transiting-the-sun-in-preposterous-but-real-photograph\" data-wpel-link=\"external\" target=\"_blank\" rel=\"nofollow external noopener noreferrer\" class=\"ext-link\">anunciou<\/a> o pr\u00f3prio nas redes sociais.<\/p>\n<p>Antes de mais, vamos esclarecer a imagem \u201cabsolutamente absurda (mas real)\u201d que vemos aqui: um paraquedista a passar em queda livre em frente ao disco solar, num momento agora eterno que se traduz numa humilde silhueta humana sobre a gigantesca e incandescente superf\u00edcie do Sol.<\/p>\n<p>\u201c\u00c9 poss\u00edvel que seja <strong>a primeira foto de sempre<\/strong> de um humano em queda livre captada contra a cromosfera\u201d, diz o astrofot\u00f3grafo.<\/p>\n<p>A captura foi feita em luz hidrog\u00e9nio-alfa, que revela os detalhes flamejantes que nunca poderiam ser vistos sob luz branca normal. Foi conseguida com a ajuda de m\u00faltiplos telesc\u00f3pios estrategicamente colocados no deserto, e \u00e9 tamb\u00e9m o resultado de um meticuloso planeamento que exigiu v\u00e1rios dias de trabalho e muitas tentativas falhadas. O mais dif\u00edcil foi alinhar todos os elementos e garantir a captura perfeita numa janela de tempo muito, mas muito estreita.<\/p>\n<p>O plano estava tra\u00e7ado: o paraquedista, m\u00fasico e protagonista da foto,<strong>Gabriel C. Brown<\/strong>, saltaria de um pequeno avi\u00e3o a h\u00e9lice, a cerca de 1.070 metros de altitude, num momento coordenado por comunica\u00e7\u00f5es a tr\u00eas vias.<\/p>\n<p>O piloto ajudou a posicionar a aeronave com precis\u00e3o, mas al\u00e9m de alinhar o ponto de queda foi ainda preciso fazer com que a altitude de salto, a trajet\u00f3ria do avi\u00e3o, a posi\u00e7\u00e3o e \u00e2ngulo do Sol e a localiza\u00e7\u00e3o do telesc\u00f3pio \u2018dessem as m\u00e3os\u2019, enquanto o paraquedista e a c\u00e2mara se encontravam a uma dist\u00e2ncia de dois quil\u00f3metros entre si.<\/p>\n<p>A 8 de novembro, pelas nove da manh\u00e3, aconteceu: <strong>seis tentativas<\/strong> depois, estava feita finalmente a fotografia que recebeu o nome de <strong>\u201cA Queda de \u00cdcaro\u201d<\/strong>, uma refer\u00eancia ao filho de D\u00e9dalo da mitologia grega, que ficou famoso por voar perto do Sol com asas feitas de penas e cera.<\/p>\n<p>\u201cOh meu deus! Apanhei, meu!\u201d.<\/p>\n<blockquote class=\"twitter-tweet\" data-media-max-width=\"560\">\n<p dir=\"ltr\" lang=\"en\">The moment of the jump, captured in hydrogen alpha light to resolve the sun\u2019s atmosphere.<\/p>\n<p>We decided to release the photo in print- both as an up close shot and showing the full disc of the sun, which you can see here: <a href=\"https:\/\/t.co\/K4DovGV4ni\" data-wpel-link=\"external\" target=\"_blank\" rel=\"nofollow external noopener noreferrer\" class=\"ext-link\">https:\/\/t.co\/K4DovGV4ni<\/a> <a href=\"https:\/\/t.co\/hYHg7rZXdK\" data-wpel-link=\"external\" target=\"_blank\" rel=\"nofollow external noopener noreferrer\" class=\"ext-link\">pic.twitter.com\/hYHg7rZXdK<\/a><\/p>\n<p>\u2014 Andrew McCarthy (@AJamesMcCarthy) <a href=\"https:\/\/twitter.com\/AJamesMcCarthy\/status\/1989028232893759914?ref_src=twsrc%5Etfw\" data-wpel-link=\"external\" target=\"_blank\" rel=\"nofollow external noopener noreferrer\" class=\"ext-link\">November 13, 2025<\/a><\/p>\n<\/blockquote>\n<blockquote class=\"instagram-media\" style=\"background: #FFF;border: 0;border-radius: 3px;margin: 1px;max-width: 540px;min-width: 326px;padding: 0;width: calc(100% - 2px)\" data-instgrm-captioned=\"\" data-instgrm-permalink=\"https:\/\/www.instagram.com\/reel\/DRAV8WGgX4p\/?utm_source=ig_embed&amp;utm_campaign=loading\" data-instgrm-version=\"14\">\n<\/blockquote>\n<p>Abaixo, a fotografia completa:<\/p>\n<blockquote class=\"instagram-media\" style=\"background: #FFF;border: 0;border-radius: 3px;margin: 1px;max-width: 540px;min-width: 326px;padding: 0;width: calc(100% - 2px)\" data-instgrm-captioned=\"\" data-instgrm-permalink=\"https:\/\/www.instagram.com\/p\/DRBAaqLkvye\/?utm_source=ig_embed&amp;utm_campaign=loading\" data-instgrm-version=\"14\">\n<\/blockquote>\n<p>McCarthy j\u00e1 era antes famoso pela sua astrofotografia de detalhe extremo. Em 2022 foi o respons\u00e1vel por captar uma eje\u00e7\u00e3o de massa coronal com cerca de mil milh\u00f5es de quil\u00f3metros de extens\u00e3o; em colabora\u00e7\u00e3o com o cientista planet\u00e1rio Connor Matherne, produziu um retrato de alt\u00edssima resolu\u00e7\u00e3o da face lunar vis\u00edvel, resultado da compila\u00e7\u00e3o de 200 mil imagens recolhidas ao longo de quase dois anos. Este ano tamb\u00e9m j\u00e1 tinha fotografado uma labareda solar a \u201cfotobombar\u201d a Esta\u00e7\u00e3o Espacial Internacional (ISS), ent\u00e3o a cerca de 400 quil\u00f3metros da Terra, depois de a <a href=\"https:\/\/zap.aeiou.pt\/fotografia-estacao-espacial-sol-270495\" data-wpel-link=\"internal\" rel=\"nofollow noopener\" target=\"_blank\">apanhar<\/a> a passar em frente \u00e0 nossa estrela, em 2019.<\/p>\n<blockquote class=\"instagram-media\" style=\"background: #FFF;border: 0;border-radius: 3px;margin: 1px;max-width: 540px;min-width: 326px;padding: 0;width: calc(100% - 2px)\" data-instgrm-captioned=\"\" data-instgrm-permalink=\"https:\/\/www.instagram.com\/p\/DLF-Haqy57-\/?utm_source=ig_embed&amp;utm_campaign=loading\" data-instgrm-version=\"14\">\n<\/blockquote>\n<p>Veremos o que o astrofot\u00f3grafo cria a seguir.<\/p>\n<p style=\"padding-left: 25px; margin-bottom: 10; font-family: Roboto, Arial, Helvetica, sans-serif; font-size: 15px\">&#13;<br \/>\n        Tom\u00e1s Guimar\u00e3es, ZAP \/\/ <a href=\"\" data-wpel-link=\"internal\"\/>&#13;\n    <\/p>\n<p>    <a href=\"https:\/\/zap.aeiou.pt\/subscrever-newsletter\" data-wpel-link=\"internal\" rel=\"nofollow noopener\" target=\"_blank\">&#13;<br \/>\n        <img loading=\"lazy\" decoding=\"async\" class=\"aligncenter size-full wp-image-575475\" src=\"https:\/\/www.europesays.com\/pt\/wp-content\/uploads\/2025\/11\/2d51fe4a0ba54894421ead1809309ed9-1-450x140.jpg\" alt=\"Subscreva a Newsletter ZAP\" width=\"450\" height=\"140\"\/>&#13;<br \/>\n    <\/a><\/p>\n<p>                <a href=\"https:\/\/whatsapp.com\/channel\/0029VaIC4EE2f3EJZPPSbR34\" data-wpel-link=\"external\" target=\"_blank\" rel=\"nofollow external noopener noreferrer\" class=\"ext-link\">&#13;<br \/>\n                    <img loading=\"lazy\" decoding=\"async\" class=\"aligncenter size-full wp-image-575475\" src=\"https:\/\/www.europesays.com\/pt\/wp-content\/uploads\/2025\/11\/c68c559d956d4ca20f435ed74a6e71e6.png\" alt=\"Siga-nos no WhatsApp\" width=\"175\" height=\"64\"\/>&#13;<br \/>\n                <\/a><\/p>\n<p>                <a href=\"https:\/\/news.google.com\/publications\/CAAiEHRwZondIV71PDjWNoqMduEqFAgKIhB0cGaJ3SFe9Tw41jaKjHbh?hl=en-US&amp;gl=US&amp;ceid=US%3Aen\" data-wpel-link=\"external\" target=\"_blank\" rel=\"nofollow external noopener noreferrer\" class=\"ext-link\">&#13;<br \/>\n                    <img loading=\"lazy\" decoding=\"async\" class=\"aligncenter size-full wp-image-575475\" src=\"https:\/\/www.europesays.com\/pt\/wp-content\/uploads\/2025\/11\/5123dd8b087b644fdb8f8603acd1bad4.png\" alt=\"Siga-nos no Google News\" width=\"176\" height=\"64\"\/>&#13;<br \/>\n                <\/a><\/p>\n<p>                <script async src=\"https:\/\/platform.twitter.com\/widgets.js\" charset=\"utf-8\"><\/script><script async src=\"\/\/www.instagram.com\/embed.js\"><\/script><\/p>\n","protected":false},"excerpt":{"rendered":"Andrew McCarthy\/cosmicbackground.io \u201cThe Fall of Icarus\u201d. Gabriel C. Brown a atravessar a atmosfera terrestre em frente ao Sol&hellip;\n","protected":false},"author":2,"featured_media":157925,"comment_status":"","ping_status":"","sticky":false,"template":"","format":"standard","meta":{"footnotes":""},"categories":[144],"tags":[207,205,206,203,201,202,443,269,204,114,115,2085,32,33,2836],"class_list":{"0":"post-157924","1":"post","2":"type-post","3":"status-publish","4":"format-standard","5":"has-post-thumbnail","7":"category-arte-e-design","8":"tag-arte","9":"tag-arte-e-design","10":"tag-artedesign","11":"tag-arts","12":"tag-arts-and-design","13":"tag-artsanddesign","14":"tag-astronomia","15":"tag-capa","16":"tag-design","17":"tag-entertainment","18":"tag-entretenimento","19":"tag-fotografia","20":"tag-portugal","21":"tag-pt","22":"tag-sol"},"share_on_mastodon":{"url":"https:\/\/pubeurope.com\/@pt\/115577645053068047","error":""},"_links":{"self":[{"href":"https:\/\/www.europesays.com\/pt\/wp-json\/wp\/v2\/posts\/157924","targetHints":{"allow":["GET"]}}],"collection":[{"href":"https:\/\/www.europesays.com\/pt\/wp-json\/wp\/v2\/posts"}],"about":[{"href":"https:\/\/www.europesays.com\/pt\/wp-json\/wp\/v2\/types\/post"}],"author":[{"embeddable":true,"href":"https:\/\/www.europesays.com\/pt\/wp-json\/wp\/v2\/users\/2"}],"replies":[{"embeddable":true,"href":"https:\/\/www.europesays.com\/pt\/wp-json\/wp\/v2\/comments?post=157924"}],"version-history":[{"count":0,"href":"https:\/\/www.europesays.com\/pt\/wp-json\/wp\/v2\/posts\/157924\/revisions"}],"wp:featuredmedia":[{"embeddable":true,"href":"https:\/\/www.europesays.com\/pt\/wp-json\/wp\/v2\/media\/157925"}],"wp:attachment":[{"href":"https:\/\/www.europesays.com\/pt\/wp-json\/wp\/v2\/media?parent=157924"}],"wp:term":[{"taxonomy":"category","embeddable":true,"href":"https:\/\/www.europesays.com\/pt\/wp-json\/wp\/v2\/categories?post=157924"},{"taxonomy":"post_tag","embeddable":true,"href":"https:\/\/www.europesays.com\/pt\/wp-json\/wp\/v2\/tags?post=157924"}],"curies":[{"name":"wp","href":"https:\/\/api.w.org\/{rel}","templated":true}]}}