{"id":157928,"date":"2025-11-19T17:57:26","date_gmt":"2025-11-19T17:57:26","guid":{"rendered":"https:\/\/www.europesays.com\/pt\/157928\/"},"modified":"2025-11-19T17:57:26","modified_gmt":"2025-11-19T17:57:26","slug":"sadie-sink-vai-ter-um-papel-em-avengers-secret-wars-depois-da-sua-estreia-no-ucm-em-spider-man-brand-new-day","status":"publish","type":"post","link":"https:\/\/www.europesays.com\/pt\/157928\/","title":{"rendered":"Sadie Sink vai ter um papel em Avengers: Secret Wars, depois da sua estreia no UCM em Spider-Man: Brand New Day"},"content":{"rendered":"<p>Os rumores sobre o papel secreto de Sadie Sink no Universo Cinematogr\u00e1fico da Marvel acabam de subir de tom, com a <a href=\"https:\/\/deadline.com\/2025\/11\/sadie-sink-romeo-juliet-london-west-end-noah-jupe-1236620879\/\" rel=\"noopener nofollow\" target=\"_blank\">Deadline<\/a> a avan\u00e7ar que a atriz vai marcar presen\u00e7a no Avengers: Secret Wars (2027), depois da sua estreia em Spider-Man: Brand New Day.<\/p>\n<p><img decoding=\"async\" alt=\"null\" class=\"article-image-full-size\" data-position=\"0\" src=\"https:\/\/www.europesays.com\/pt\/wp-content\/uploads\/2025\/11\/stranger-things-star-sadie-sink-reportedly-set-for-avengers_kyjs.jpg\"  viewbox=\"0 0 16 9\"\/><br \/>\nSadie Sink no evento de estreia da 5\u00aa temporada de Stranger Things. Via Charley Gallay\/Getty Images for Netflix.<\/p>\n<p>Com a identidade da personagem de Sink fechada a sete chaves pela Marvel e pela Sony, a especula\u00e7\u00e3o tem sido intensa. As hip\u00f3teses variam entre a mutante Jean Grey (X-Men), a vil\u00e3 c\u00f3smica Shathra ou a aliada do Justiceiro Rachel Cole-Alves.<\/p>\n<p>No entanto, a liga\u00e7\u00e3o a Secret Wars, um filme que dever\u00e1 reunir her\u00f3is de todo o multiverso, d\u00e1 for\u00e7a \u00e0 teoria de Mayday Parker (tamb\u00e9m conhecida como Spider-Girl nos comics). Os f\u00e3s teorizam que Sink poder\u00e1 ser introduzida em Brand New Day como uma personagem aparentemente normal, apenas para revelar a sua verdadeira linhagem e poderes no final, servindo de ponte para trazer o Homem-Aranha de Tobey Maguire de volta para uma \u00faltima batalha em Secret Wars.<\/p>\n<p>&#8220;Mayday \u00e9 o que faz mais sentido neste momento,&#8221; <a href=\"http:\/\/www.reddit.com\/r\/MarvelStudiosSpoilers\/comments\/1p06g08\/sadie_sink_joins_the_cast_of_avengers_secret_wars\/\" rel=\"noopener nofollow\" target=\"_blank\">escreveu um f\u00e3 no Reddit<\/a>. &#8220;Ela aparece como uma personagem secund\u00e1ria despretensiosa&#8230; depois larga a bomba e revela a liga\u00e7\u00e3o ao Tobey no final.&#8221;<\/p>\n<p>Se a teoria se confirmar, teremos de esperar para ver. Spider-Man: Brand New Day tem estreia internacional marcada para 31 de julho de 2026. enquanto que Avengers: Secret Wars chega aos cinemas a 17 de dezembro de 2027.<\/p>\n<p>Imagem via Charley Gallay\/Getty Images for Netflix.<\/p>\n<p>Pedro Pestana \u00e9 viciado em gaming, caf\u00e9 e voleibol, sensivelmente nesta ordem. Podem encontrar alguns dos seus devaneios no <a href=\"https:\/\/www.threads.net\/@pmnpestana\" rel=\"noopener nofollow\" target=\"_blank\">Threads<\/a> ou <a href=\"https:\/\/bsky.app\/profile\/pmnpestana.bsky.social\" rel=\"noopener nofollow\" target=\"_blank\">Bluesky.<\/a><\/p>\n","protected":false},"excerpt":{"rendered":"Os rumores sobre o papel secreto de Sadie Sink no Universo Cinematogr\u00e1fico da Marvel acabam de subir de&hellip;\n","protected":false},"author":2,"featured_media":157929,"comment_status":"","ping_status":"","sticky":false,"template":"","format":"standard","meta":{"footnotes":""},"categories":[140],"tags":[114,115,147,148,146,32,33],"class_list":{"0":"post-157928","1":"post","2":"type-post","3":"status-publish","4":"format-standard","5":"has-post-thumbnail","7":"category-filmes","8":"tag-entertainment","9":"tag-entretenimento","10":"tag-film","11":"tag-filmes","12":"tag-movies","13":"tag-portugal","14":"tag-pt"},"share_on_mastodon":{"url":"https:\/\/pubeurope.com\/@pt\/115577660948824538","error":""},"_links":{"self":[{"href":"https:\/\/www.europesays.com\/pt\/wp-json\/wp\/v2\/posts\/157928","targetHints":{"allow":["GET"]}}],"collection":[{"href":"https:\/\/www.europesays.com\/pt\/wp-json\/wp\/v2\/posts"}],"about":[{"href":"https:\/\/www.europesays.com\/pt\/wp-json\/wp\/v2\/types\/post"}],"author":[{"embeddable":true,"href":"https:\/\/www.europesays.com\/pt\/wp-json\/wp\/v2\/users\/2"}],"replies":[{"embeddable":true,"href":"https:\/\/www.europesays.com\/pt\/wp-json\/wp\/v2\/comments?post=157928"}],"version-history":[{"count":0,"href":"https:\/\/www.europesays.com\/pt\/wp-json\/wp\/v2\/posts\/157928\/revisions"}],"wp:featuredmedia":[{"embeddable":true,"href":"https:\/\/www.europesays.com\/pt\/wp-json\/wp\/v2\/media\/157929"}],"wp:attachment":[{"href":"https:\/\/www.europesays.com\/pt\/wp-json\/wp\/v2\/media?parent=157928"}],"wp:term":[{"taxonomy":"category","embeddable":true,"href":"https:\/\/www.europesays.com\/pt\/wp-json\/wp\/v2\/categories?post=157928"},{"taxonomy":"post_tag","embeddable":true,"href":"https:\/\/www.europesays.com\/pt\/wp-json\/wp\/v2\/tags?post=157928"}],"curies":[{"name":"wp","href":"https:\/\/api.w.org\/{rel}","templated":true}]}}