{"id":157934,"date":"2025-11-19T18:09:12","date_gmt":"2025-11-19T18:09:12","guid":{"rendered":"https:\/\/www.europesays.com\/pt\/157934\/"},"modified":"2025-11-19T18:09:12","modified_gmt":"2025-11-19T18:09:12","slug":"transito-na-a1-restabelecido-apos-despiste-de-camiao-em-santa-iria","status":"publish","type":"post","link":"https:\/\/www.europesays.com\/pt\/157934\/","title":{"rendered":"Tr\u00e2nsito na A1 restabelecido ap\u00f3s despiste de cami\u00e3o em Santa Iria"},"content":{"rendered":"<p>&#13;<br \/>\nFonte da Guarda Nacional Republicana (GNR) disse \u00e0 Lusa que o tr\u00e2nsito na A1 &#8211; autoestrada que liga Lisboa ao Porto &#8211; foi reaberto cerca das 13:20, j\u00e1 se encontrando a circular com normalidade.&#13;\n<\/p>\n<p>&#13;<br \/>\nNas primeiras informa\u00e7\u00f5es avan\u00e7adas \u00e0 Lusa, fonte da GNR indicou que o motorista do cami\u00e3o acidentado sofreu ferimentos ligeiros.&#13;\n<\/p>\n<p>&#13;<br \/>\n&#8220;Um ve\u00edculo pesado, que seguia no sentido norte-sul, despistou-se ao quil\u00f3metro 5,7, galgou o separador central e passou para o sentido sul-norte, que se encontra interrompido, causando um ferido ligeiro, o motorista do cami\u00e3o&#8221;, indicou ent\u00e3o a fonte da GNR.&#13;\n<\/p>\n<p>&#13;<br \/>\nO alerta para o acidente foi dado \u00e0s 03:18 de hoje.&#13;<\/p>\n","protected":false},"excerpt":{"rendered":"&#13; Fonte da Guarda Nacional Republicana (GNR) disse \u00e0 Lusa que o tr\u00e2nsito na A1 &#8211; autoestrada que&hellip;\n","protected":false},"author":2,"featured_media":157935,"comment_status":"","ping_status":"","sticky":false,"template":"","format":"standard","meta":{"footnotes":""},"categories":[10],"tags":[27,28,15,16,14,25,26,21,22,12,13,19,20,32,23,24,33,5565,17,18,29,30,31],"class_list":{"0":"post-157934","1":"post","2":"type-post","3":"status-publish","4":"format-standard","5":"has-post-thumbnail","7":"category-portugal","8":"tag-breaking-news","9":"tag-breakingnews","10":"tag-featured-news","11":"tag-featurednews","12":"tag-headlines","13":"tag-latest-news","14":"tag-latestnews","15":"tag-main-news","16":"tag-mainnews","17":"tag-news","18":"tag-noticias","19":"tag-noticias-principais","20":"tag-noticiasprincipais","21":"tag-portugal","22":"tag-principais-noticias","23":"tag-principaisnoticias","24":"tag-pt","25":"tag-republicana","26":"tag-top-stories","27":"tag-topstories","28":"tag-ultimas","29":"tag-ultimas-noticias","30":"tag-ultimasnoticias"},"share_on_mastodon":{"url":"https:\/\/pubeurope.com\/@pt\/115577707941354293","error":""},"_links":{"self":[{"href":"https:\/\/www.europesays.com\/pt\/wp-json\/wp\/v2\/posts\/157934","targetHints":{"allow":["GET"]}}],"collection":[{"href":"https:\/\/www.europesays.com\/pt\/wp-json\/wp\/v2\/posts"}],"about":[{"href":"https:\/\/www.europesays.com\/pt\/wp-json\/wp\/v2\/types\/post"}],"author":[{"embeddable":true,"href":"https:\/\/www.europesays.com\/pt\/wp-json\/wp\/v2\/users\/2"}],"replies":[{"embeddable":true,"href":"https:\/\/www.europesays.com\/pt\/wp-json\/wp\/v2\/comments?post=157934"}],"version-history":[{"count":0,"href":"https:\/\/www.europesays.com\/pt\/wp-json\/wp\/v2\/posts\/157934\/revisions"}],"wp:featuredmedia":[{"embeddable":true,"href":"https:\/\/www.europesays.com\/pt\/wp-json\/wp\/v2\/media\/157935"}],"wp:attachment":[{"href":"https:\/\/www.europesays.com\/pt\/wp-json\/wp\/v2\/media?parent=157934"}],"wp:term":[{"taxonomy":"category","embeddable":true,"href":"https:\/\/www.europesays.com\/pt\/wp-json\/wp\/v2\/categories?post=157934"},{"taxonomy":"post_tag","embeddable":true,"href":"https:\/\/www.europesays.com\/pt\/wp-json\/wp\/v2\/tags?post=157934"}],"curies":[{"name":"wp","href":"https:\/\/api.w.org\/{rel}","templated":true}]}}