{"id":157936,"date":"2025-11-19T18:10:14","date_gmt":"2025-11-19T18:10:14","guid":{"rendered":"https:\/\/www.europesays.com\/pt\/157936\/"},"modified":"2025-11-19T18:10:14","modified_gmt":"2025-11-19T18:10:14","slug":"primeiros-resultados-da-sondagem-apontam-favorito-a-salvacao-desta-semana-do-secret-story","status":"publish","type":"post","link":"https:\/\/www.europesays.com\/pt\/157936\/","title":{"rendered":"Primeiros resultados da sondagem apontam favorito \u00e0 salva\u00e7\u00e3o desta semana do Secret Story"},"content":{"rendered":"<p>\t\t\t\t\t\t\t\t\t\t\t\t<a href=\"#\" onclick=\"window.open('http:\/\/www.facebook.com\/sharer.php?u=https:\/\/cusquices.com\/primeiros-resultados-da-sondagem-apontam-favorito-a-salvacao-desta-semana-do-secret-story\/&amp;t=Primeiros resultados da sondagem apontam favorito \u00e0 salva\u00e7\u00e3o desta semana do Secret Story', 'facebookShare', 'width=626,height=436'); return false;\" title=\"Share on Facebook\"><\/p>\n<p>Share<\/p>\n<p><\/a><br \/>\n\t\t\t\t\t\t\t\t\t\t\t\t<a href=\"#\" onclick=\"window.open('http:\/\/twitter.com\/share?text=Primeiros resultados da sondagem apontam favorito \u00e0 salva\u00e7\u00e3o desta semana do Secret Story -&amp;url=https:\/\/cusquices.com\/primeiros-resultados-da-sondagem-apontam-favorito-a-salvacao-desta-semana-do-secret-story\/', 'twitterShare', 'width=626,height=436'); return false;\" title=\"Tweet This Post\"><\/p>\n<p>Tweet<\/p>\n<p><\/a><br \/>\n\t\t\t\t\t\t\t\t\t\t\t\t<a href=\"whatsapp:\/\/send?text=Primeiros resultados da sondagem apontam favorito \u00e0 salva\u00e7\u00e3o desta semana do Secret Story https:\/\/cusquices.com\/primeiros-resultados-da-sondagem-apontam-favorito-a-salvacao-desta-semana-do-secret-story\/\" rel=\"nofollow\"><\/p>\n<p>Share<\/p>\n<p><\/a><br \/>\n\t\t\t\t\t\t\t\t\t\t\t\t<a href=\"#\" onclick=\"window.open('http:\/\/pinterest.com\/pin\/create\/button\/?url=https:\/\/cusquices.com\/primeiros-resultados-da-sondagem-apontam-favorito-a-salvacao-desta-semana-do-secret-story\/&amp;media=https:\/\/cusquices.com\/wp-content\/uploads\/2025\/11\/cnomeados-sermana10-1000x600.jpg&amp;description=Primeiros resultados da sondagem apontam favorito \u00e0 salva\u00e7\u00e3o desta semana do Secret Story', 'pinterestShare', 'width=750,height=350'); return false;\" title=\"Pin This Post\"><\/p>\n<p>Share<\/p>\n<p><\/a><br \/>\n\t\t\t\t\t\t\t\t\t\t\t\t<a href=\"mailto:?subject=Primeiros resultados da sondagem apontam favorito \u00e0 salva\u00e7\u00e3o desta semana do Secret Story&amp;BODY=I found this article interesting and thought of sharing it with you. Check it out: https:\/\/cusquices.com\/primeiros-resultados-da-sondagem-apontam-favorito-a-salvacao-desta-semana-do-secret-story\/\"><\/p>\n<p>Email<\/p>\n<p><\/a><br \/>\n\t\t\t\t\t\t\t\t\t\t\t\t\t\t\t\t\t\t\t\t\t\t\t\t\t\t\t\t\t\t\t\t\t\t\t\t\t\t\t\t\t\t\t\t\t\t\t\t\t\t\t\t\t<a href=\"https:\/\/cusquices.com\/primeiros-resultados-da-sondagem-apontam-favorito-a-salvacao-desta-semana-do-secret-story\/#respond\" rel=\"nofollow noopener\" target=\"_blank\"><\/p>\n<p>Primeiros resultados da sondagem n\u00e3o deixam grandes d\u00favidas e revelam quem ser\u00e1 o primeiro salvo esta semana.<\/p>\n<p>A casa do\u00a0<strong>Secret Story\u00a0<\/strong>est\u00e1 ao rubro e no pr\u00f3ximo domingo, 23 de novembro, a VOZ vai voltar a abrir as portas da sua casa. Esta semana temos 5 concorrentes em risco de expuls\u00e3o: <strong>Ana, In\u00eas, F\u00e1bio, Liliana e Marisa Susana<\/strong>, para um deles o jogo termina j\u00e1 no pr\u00f3ximo domingo.<\/p>\n<p>Fomos espreitar os resultados da\u00a0<a href=\"https:\/\/cusquices.com\/sondagem-casa-dos-segredos\/\" rel=\"nofollow noopener\" target=\"_blank\">sondagem que decorre no nosso blog<\/a>\u00a0e, para j\u00e1, os n\u00fameros n\u00e3o deixam grandes d\u00favidas: h\u00e1 um concorrente claramente em vantagem e tudo indica que ser\u00e1 o primeiro a ser salvo esta semana.<\/p>\n<p>Com 48,34% dos votos, <strong>Marisa Susana<\/strong> \u00e9 a concorrente mais votada para salvar, seguida de <strong>Ana<\/strong> com 20,66% dos votos e <strong>In\u00eas<\/strong> com 13,20% dos votos. Entre os menos votados temos, <strong>F\u00e1bio e Liliana<\/strong> com 8,36% e 9,44% dos votos, respetivamente.<\/p>\n<p><img loading=\"lazy\" decoding=\"async\" width=\"1024\" height=\"511\" src=\"https:\/\/www.europesays.com\/pt\/wp-content\/uploads\/2025\/11\/cusquices-19-1024x511.png\" alt=\"\" class=\"wp-image-100370 webpexpress-processed\" style=\"width:603px;height:auto\"  \/>Resultado Sondagem Cusquices \u2013 19 de novembro<\/p>\n<p><strong>Leia tamb\u00e9m:<\/strong><\/p>\n<p>\t\t\t\t\t\t\t\t\t\t\t\t\t\t\t\t\t\t\t\t\t\t\t\t\t<img decoding=\"async\" src=\"https:\/\/www.europesays.com\/pt\/wp-content\/uploads\/2025\/10\/cusquices-logo-52x.png\" class=\"webpexpress-processed\"\/><\/p>\n<p>\t\t\t\t\t\t\t\t\t\t\t\t\t\t\t\t\t\t\t\t\t            \t\t\t\t\t\t\t\t\t\t\t\t\t\t\t\t\t\t\t\t\t\t\t\t\t\t\t\t\t\t\t\t\t\t\t\t\t\t\t<script async src=\"https:\/\/platform.twitter.com\/widgets.js\" charset=\"utf-8\"><\/script><\/p>\n","protected":false},"excerpt":{"rendered":"Share Tweet Share Share Email Primeiros resultados da sondagem n\u00e3o deixam grandes d\u00favidas e revelam quem ser\u00e1 o&hellip;\n","protected":false},"author":2,"featured_media":157937,"comment_status":"","ping_status":"","sticky":false,"template":"","format":"standard","meta":{"footnotes":""},"categories":[8],"tags":[27,28,2632,49,15,16,14,25,26,21,22,12,13,19,20,32,23,24,33,17,18,29,30,31],"class_list":{"0":"post-157936","1":"post","2":"type-post","3":"status-publish","4":"format-standard","5":"has-post-thumbnail","7":"category-principais-noticias","8":"tag-breaking-news","9":"tag-breakingnews","10":"tag-casa-dos-segredos","11":"tag-destaques","12":"tag-featured-news","13":"tag-featurednews","14":"tag-headlines","15":"tag-latest-news","16":"tag-latestnews","17":"tag-main-news","18":"tag-mainnews","19":"tag-news","20":"tag-noticias","21":"tag-noticias-principais","22":"tag-noticiasprincipais","23":"tag-portugal","24":"tag-principais-noticias","25":"tag-principaisnoticias","26":"tag-pt","27":"tag-top-stories","28":"tag-topstories","29":"tag-ultimas","30":"tag-ultimas-noticias","31":"tag-ultimasnoticias"},"share_on_mastodon":{"url":"https:\/\/pubeurope.com\/@pt\/115577712390708030","error":""},"_links":{"self":[{"href":"https:\/\/www.europesays.com\/pt\/wp-json\/wp\/v2\/posts\/157936","targetHints":{"allow":["GET"]}}],"collection":[{"href":"https:\/\/www.europesays.com\/pt\/wp-json\/wp\/v2\/posts"}],"about":[{"href":"https:\/\/www.europesays.com\/pt\/wp-json\/wp\/v2\/types\/post"}],"author":[{"embeddable":true,"href":"https:\/\/www.europesays.com\/pt\/wp-json\/wp\/v2\/users\/2"}],"replies":[{"embeddable":true,"href":"https:\/\/www.europesays.com\/pt\/wp-json\/wp\/v2\/comments?post=157936"}],"version-history":[{"count":0,"href":"https:\/\/www.europesays.com\/pt\/wp-json\/wp\/v2\/posts\/157936\/revisions"}],"wp:featuredmedia":[{"embeddable":true,"href":"https:\/\/www.europesays.com\/pt\/wp-json\/wp\/v2\/media\/157937"}],"wp:attachment":[{"href":"https:\/\/www.europesays.com\/pt\/wp-json\/wp\/v2\/media?parent=157936"}],"wp:term":[{"taxonomy":"category","embeddable":true,"href":"https:\/\/www.europesays.com\/pt\/wp-json\/wp\/v2\/categories?post=157936"},{"taxonomy":"post_tag","embeddable":true,"href":"https:\/\/www.europesays.com\/pt\/wp-json\/wp\/v2\/tags?post=157936"}],"curies":[{"name":"wp","href":"https:\/\/api.w.org\/{rel}","templated":true}]}}