{"id":157938,"date":"2025-11-19T18:11:08","date_gmt":"2025-11-19T18:11:08","guid":{"rendered":"https:\/\/www.europesays.com\/pt\/157938\/"},"modified":"2025-11-19T18:11:08","modified_gmt":"2025-11-19T18:11:08","slug":"fiuk-afirma-que-foi-deixado-de-fora-de-proprio-projeto-19-11-2025-celebridades","status":"publish","type":"post","link":"https:\/\/www.europesays.com\/pt\/157938\/","title":{"rendered":"Fiuk afirma que foi deixado de fora de pr\u00f3prio projeto &#8211; 19\/11\/2025 &#8211; Celebridades"},"content":{"rendered":"<p>\n<strong class=\"c-signature__location\">Rio de Janeiro<\/strong>\n<\/p>\n<p><a href=\"https:\/\/f5.folha.uol.com.br\/celebridades\/2025\/03\/solteiro-no-lolla-fiuk-nega-estar-na-pegacao-tambem-nao-e-assim.shtml\" rel=\"nofollow noopener\" target=\"\">Fiuk,<\/a> 35, surpreendeu os seguidores na noite de ter\u00e7a-feira (18) ao contar que foi tirado de um filme que ele mesmo havia criado. O projeto, inspirado no clima da franquia &#8220;<a href=\"https:\/\/www1.folha.uol.com.br\/colunas\/monicabergamo\/2022\/10\/velozes-e-furiosos-10-tem-cenas-filmadas-no-brasil.shtml\" rel=\"nofollow noopener\" target=\"\">Velozes e Furiosos&#8221;,<\/a> acompanha a turma do drift \u2014 modalidade em que os carros fazem curvas derrapando e levantando fuma\u00e7a. O longa ainda n\u00e3o tem data de lan\u00e7amento.<\/p>\n","protected":false},"excerpt":{"rendered":"Rio de Janeiro Fiuk, 35, surpreendeu os seguidores na noite de ter\u00e7a-feira (18) ao contar que foi tirado&hellip;\n","protected":false},"author":2,"featured_media":157939,"comment_status":"","ping_status":"","sticky":false,"template":"","format":"standard","meta":{"footnotes":""},"categories":[145],"tags":[1244,2565,219,211,210,223,114,115,224,225,471,17748,226,221,220,222,32,33,218,228,227],"class_list":{"0":"post-157938","1":"post","2":"type-post","3":"status-publish","4":"format-standard","5":"has-post-thumbnail","7":"category-celebridades","8":"tag-ator","9":"tag-bbb","10":"tag-bichos","11":"tag-celebridades","12":"tag-celebrities","13":"tag-colunistas","14":"tag-entertainment","15":"tag-entretenimento","16":"tag-estranho","17":"tag-eu-amo","18":"tag-filme","19":"tag-fiuk","20":"tag-fofices","21":"tag-horoscopo","22":"tag-humanos","23":"tag-humor","24":"tag-portugal","25":"tag-pt","26":"tag-televisao","27":"tag-tudo","28":"tag-videos"},"share_on_mastodon":{"url":"https:\/\/pubeurope.com\/@pt\/115577715647996250","error":""},"_links":{"self":[{"href":"https:\/\/www.europesays.com\/pt\/wp-json\/wp\/v2\/posts\/157938","targetHints":{"allow":["GET"]}}],"collection":[{"href":"https:\/\/www.europesays.com\/pt\/wp-json\/wp\/v2\/posts"}],"about":[{"href":"https:\/\/www.europesays.com\/pt\/wp-json\/wp\/v2\/types\/post"}],"author":[{"embeddable":true,"href":"https:\/\/www.europesays.com\/pt\/wp-json\/wp\/v2\/users\/2"}],"replies":[{"embeddable":true,"href":"https:\/\/www.europesays.com\/pt\/wp-json\/wp\/v2\/comments?post=157938"}],"version-history":[{"count":0,"href":"https:\/\/www.europesays.com\/pt\/wp-json\/wp\/v2\/posts\/157938\/revisions"}],"wp:featuredmedia":[{"embeddable":true,"href":"https:\/\/www.europesays.com\/pt\/wp-json\/wp\/v2\/media\/157939"}],"wp:attachment":[{"href":"https:\/\/www.europesays.com\/pt\/wp-json\/wp\/v2\/media?parent=157938"}],"wp:term":[{"taxonomy":"category","embeddable":true,"href":"https:\/\/www.europesays.com\/pt\/wp-json\/wp\/v2\/categories?post=157938"},{"taxonomy":"post_tag","embeddable":true,"href":"https:\/\/www.europesays.com\/pt\/wp-json\/wp\/v2\/tags?post=157938"}],"curies":[{"name":"wp","href":"https:\/\/api.w.org\/{rel}","templated":true}]}}