{"id":157942,"date":"2025-11-19T18:16:13","date_gmt":"2025-11-19T18:16:13","guid":{"rendered":"https:\/\/www.europesays.com\/pt\/157942\/"},"modified":"2025-11-19T18:16:13","modified_gmt":"2025-11-19T18:16:13","slug":"coyote-vs-acme-ganha-nova-imagem-veja","status":"publish","type":"post","link":"https:\/\/www.europesays.com\/pt\/157942\/","title":{"rendered":"Coyote vs. Acme ganha nova imagem; veja"},"content":{"rendered":"<p>A\u00a0Empire\u00a0acaba de revelar uma imagem in\u00e9dita do aguardado\u00a0<strong>Coyote vs. Acme.\u00a0<\/strong>Veja a seguir!<\/p>\n<p>O longa no Brasil vai estrear um dia antes dos Estados Unidos, no dia 27 de agosto de 2026. No p\u00f4ster, \u00e9 poss\u00edvel ver a cl\u00e1ssica cena do Coiote deixando uma marca no ch\u00e3o ap\u00f3s cair do penhasco. Infelizmente, o protagonista n\u00e3o est\u00e1 presente na imagem, contudo, continua sendo um p\u00f4ster bem condizente com a proposta do longa.<\/p>\n<p>            Continua depois da Publicidade<\/p>\n<p>Coyote Vs. Acme\u00a0tem no elenco\u00a0<strong>John Cena<\/strong>,\u00a0Will Forte\u00a0(Corram Que o Agente Voltou) e<strong>\u00a0<\/strong><strong>Lana Condor<\/strong>\u00a0(Para Todos os Garotos que J\u00e1 Amei), e acompanha Wile E. Coiote, dos Looney Tunes. Pessoas que viram o filme em exibi\u00e7\u00f5es-teste afirmaram que o senso de humor se aproxima ao do excelente\u00a0Uma Cilada para Roger Rabbit\u00a0(1988).\u00a0A Warner estava em busca de vender o projeto desde 2024, com o valor girando em torno de US$ 70 milh\u00f5es. Entretanto, o pre\u00e7o final da aquisi\u00e7\u00e3o pela Ketchum Entertainment n\u00e3o foi divulgado.<\/p>\n<p>Conforme a sinopse oficial,\u00a0&#8220;ap\u00f3s produtos Acme falham com ele por uma \u00faltima vez em sua busca obstinada do papa-l\u00e9guas, Wile E. Coiote contrata um advogado de outdoor (Forte) para processar a corpora\u00e7\u00e3o Acme. O caso coloca Wile e seu advogado contra o antigo chefe do representante legal (Cena), mas uma crescente amizade entre homem e desenho fortalece uma determina\u00e7\u00e3o para vencer&#8221;.<\/p>\n<p>O filme \u00e9 dirigido por David Green a partir de roteiro de Samy Burch, de Segredos de um Esc\u00e2ndalo. O filme tem estreia no Brasil marcada para 27 de agosto de 2026.<\/p>\n<p>            Continua depois da Publicidade<\/p>\n","protected":false},"excerpt":{"rendered":"A\u00a0Empire\u00a0acaba de revelar uma imagem in\u00e9dita do aguardado\u00a0Coyote vs. Acme.\u00a0Veja a seguir! O longa no Brasil vai estrear&hellip;\n","protected":false},"author":2,"featured_media":157943,"comment_status":"","ping_status":"","sticky":false,"template":"","format":"standard","meta":{"footnotes":""},"categories":[140],"tags":[114,115,147,148,146,32,33],"class_list":{"0":"post-157942","1":"post","2":"type-post","3":"status-publish","4":"format-standard","5":"has-post-thumbnail","7":"category-filmes","8":"tag-entertainment","9":"tag-entretenimento","10":"tag-film","11":"tag-filmes","12":"tag-movies","13":"tag-portugal","14":"tag-pt"},"share_on_mastodon":{"url":"https:\/\/pubeurope.com\/@pt\/115577735527571748","error":""},"_links":{"self":[{"href":"https:\/\/www.europesays.com\/pt\/wp-json\/wp\/v2\/posts\/157942","targetHints":{"allow":["GET"]}}],"collection":[{"href":"https:\/\/www.europesays.com\/pt\/wp-json\/wp\/v2\/posts"}],"about":[{"href":"https:\/\/www.europesays.com\/pt\/wp-json\/wp\/v2\/types\/post"}],"author":[{"embeddable":true,"href":"https:\/\/www.europesays.com\/pt\/wp-json\/wp\/v2\/users\/2"}],"replies":[{"embeddable":true,"href":"https:\/\/www.europesays.com\/pt\/wp-json\/wp\/v2\/comments?post=157942"}],"version-history":[{"count":0,"href":"https:\/\/www.europesays.com\/pt\/wp-json\/wp\/v2\/posts\/157942\/revisions"}],"wp:featuredmedia":[{"embeddable":true,"href":"https:\/\/www.europesays.com\/pt\/wp-json\/wp\/v2\/media\/157943"}],"wp:attachment":[{"href":"https:\/\/www.europesays.com\/pt\/wp-json\/wp\/v2\/media?parent=157942"}],"wp:term":[{"taxonomy":"category","embeddable":true,"href":"https:\/\/www.europesays.com\/pt\/wp-json\/wp\/v2\/categories?post=157942"},{"taxonomy":"post_tag","embeddable":true,"href":"https:\/\/www.europesays.com\/pt\/wp-json\/wp\/v2\/tags?post=157942"}],"curies":[{"name":"wp","href":"https:\/\/api.w.org\/{rel}","templated":true}]}}