{"id":157946,"date":"2025-11-19T18:20:29","date_gmt":"2025-11-19T18:20:29","guid":{"rendered":"https:\/\/www.europesays.com\/pt\/157946\/"},"modified":"2025-11-19T18:20:29","modified_gmt":"2025-11-19T18:20:29","slug":"a-maior-cratera-moderna-do-mundo-foi-descoberta-estava-escondida-a-vista-de-todos","status":"publish","type":"post","link":"https:\/\/www.europesays.com\/pt\/157946\/","title":{"rendered":"A maior cratera &#8220;moderna&#8221; do mundo foi descoberta. Estava escondida \u00e0 vista de todos"},"content":{"rendered":"<p class=\"wp-caption-text top\"><a href=\"https:\/\/pubs.aip.org\/aip\/mre\/article\/11\/1\/013001\/3367917\/Jinlin-crater-Guangdong-Province-China-Impact\" rel=\"nofollow external noopener noreferrer\" data-wpel-link=\"external\" target=\"_blank\" class=\"ext-link\">Chen et al.,<\/a><\/p>\n<p><img decoding=\"async\" loading=\"lazy\" class=\"size-kopa-image-size-3 wp-image-711954\" src=\"https:\/\/www.europesays.com\/pt\/wp-content\/uploads\/2025\/11\/269295f19b3068f909f471152d78498d-783x450.jpg\" alt=\"\" width=\"700\" height=\"402\"  \/><\/p>\n<p class=\"wp-caption-text bot\">Vista a\u00e9rea do local da estrutura<\/p>\n<p><strong>Com um di\u00e2metro entre 820 e 900 metros e uma profundidade de 90 metros, \u00e9 muito maior do que a cratera Macha, na R\u00fassia, com 300 metros, anteriormente a maior estrutura de impacto holoc\u00e9nica conhecida.<\/strong><\/p>\n<p>Aninhada numa encosta na prov\u00edncia de Guangdong, perto da cidade de Zhaoqing, a <strong>cratera Jinlin<\/strong> conseguiu esconder-se \u00e0 vista desarmada at\u00e9 que, no m\u00eas passado, num estudo <a href=\"https:\/\/pubs.aip.org\/aip\/mre\/article\/11\/1\/013001\/3367917\/Jinlin-crater-Guangdong-Province-China-Impact\" data-wpel-link=\"external\" target=\"_blank\" rel=\"nofollow external noopener noreferrer\" class=\"ext-link\">publicado<\/a> na Matter and Radiaton at Extremes, investigadores a identificaram como uma <strong>cratera de impacto<\/strong>.<\/p>\n<p>Existem apenas cerca de 200 deste tipo de estruturas confirmadas em todo o mundo, tornando cada descoberta cientificamente valiosa. Mas esta, em particular, destaca-se pelo seu <strong>tamanho excecional e juventude<\/strong>.<\/p>\n<p>Segundo o estudo, a cratera formou-se durante o per\u00edodo Holoc\u00e9nico, quando a \u00faltima idade do gelo terminou <strong>h\u00e1 cerca de 11.700 anos<\/strong>.<\/p>\n<p>Com base em medi\u00e7\u00f5es da eros\u00e3o do solo nas proximidades, os investigadores estimam que foi escavada algures entre o in\u00edcio e o meio do Holoc\u00e9nico.<\/p>\n<p>Com um <strong>di\u00e2metro entre 820 e 900 metros e uma profundidade de 90 metros<\/strong>, \u00e9 muito maior do que a cratera Macha, na R\u00fassia, com 300 metros, anteriormente a maior estrutura de impacto holoc\u00e9nica conhecida.<\/p>\n<p>Como escreve a <a href=\"https:\/\/www.universetoday.com\/articles\/chinas-900-metre-impact-crater-rewrites-recent-history\" data-wpel-link=\"external\" target=\"_blank\" rel=\"nofollow external noopener noreferrer\" class=\"ext-link\">Universe Today<\/a>, encontrar uma cratera t\u00e3o massiva e bem preservada \u00e9 surpreendente, dado o clima da regi\u00e3o.<\/p>\n<p>A prov\u00edncia de Guangdong enfrenta chuvas intensas e elevada humidade \u2014 precisamente as <strong>condi\u00e7\u00f5es que aceleram a eros\u00e3o<\/strong> e que deveriam ter obliterado h\u00e1 muito qualquer cratera vis\u00edvel.<\/p>\n<p>No entanto, a <strong>cratera Jinlin permanece notavelmente intacta<\/strong>, preservada dentro de espessas camadas de granito meteorizado que protegeram a sua estrutura dos elementos.<\/p>\n<p>A prova que confirma a sua origem extraterrestre est\u00e1 nos detalhes. Dentro do granito, os investigadores encontraram <strong>numerosos fragmentos de quartzo<\/strong> que exibem <strong>caracter\u00edsticas de deforma\u00e7\u00e3o planar<\/strong> \u2014 caracter\u00edsticas microsc\u00f3picas que servem como impress\u00f5es digitais geol\u00f3gicas de eventos de impacto.<\/p>\n<p>\u201cNa Terra, a forma\u00e7\u00e3o de caracter\u00edsticas de deforma\u00e7\u00e3o planar no quartzo ocorre apenas pelas ondas de choque intensas geradas por impactos de corpos celestes\u201d, explicou, \u00e0 Universe Today, <strong>Ming Chen<\/strong>, l\u00edder do estudo do Centre for High Pressure Science and Technology Advanced Research, em Xangai.<\/p>\n<p>Nenhuma erup\u00e7\u00e3o vulc\u00e2nica, sismo ou movimento tect\u00f3nico cria ondas de choque t\u00e3o intensas e focadas. Apenas a colis\u00e3o hiperveloz de um objeto extraterrestre produz estas assinaturas reveladoras.<\/p>\n<p>Os investigadores determinaram que o <strong>impactor foi um meteorito<\/strong> e n\u00e3o um cometa, j\u00e1 que um cometa teria escavado uma cratera com pelo menos 10 quil\u00f3metros de largura.<\/p>\n<p>    <a href=\"https:\/\/zap.aeiou.pt\/subscrever-newsletter\" data-wpel-link=\"internal\" rel=\"nofollow noopener\" target=\"_blank\">&#13;<br \/>\n        <img loading=\"lazy\" decoding=\"async\" class=\"aligncenter size-full wp-image-575475\" src=\"https:\/\/www.europesays.com\/pt\/wp-content\/uploads\/2025\/11\/2d51fe4a0ba54894421ead1809309ed9-1-450x140.jpg\" alt=\"Subscreva a Newsletter ZAP\" width=\"450\" height=\"140\"\/>&#13;<br \/>\n    <\/a><\/p>\n<p>                <a href=\"https:\/\/whatsapp.com\/channel\/0029VaIC4EE2f3EJZPPSbR34\" data-wpel-link=\"external\" target=\"_blank\" rel=\"nofollow external noopener noreferrer\" class=\"ext-link\">&#13;<br \/>\n                    <img loading=\"lazy\" decoding=\"async\" class=\"aligncenter size-full wp-image-575475\" src=\"https:\/\/www.europesays.com\/pt\/wp-content\/uploads\/2025\/11\/c68c559d956d4ca20f435ed74a6e71e6.png\" alt=\"Siga-nos no WhatsApp\" width=\"175\" height=\"64\"\/>&#13;<br \/>\n                <\/a><\/p>\n<p>                <a href=\"https:\/\/news.google.com\/publications\/CAAiEHRwZondIV71PDjWNoqMduEqFAgKIhB0cGaJ3SFe9Tw41jaKjHbh?hl=en-US&amp;gl=US&amp;ceid=US%3Aen\" data-wpel-link=\"external\" target=\"_blank\" rel=\"nofollow external noopener noreferrer\" class=\"ext-link\">&#13;<br \/>\n                    <img loading=\"lazy\" decoding=\"async\" class=\"aligncenter size-full wp-image-575475\" src=\"https:\/\/www.europesays.com\/pt\/wp-content\/uploads\/2025\/11\/5123dd8b087b644fdb8f8603acd1bad4.png\" alt=\"Siga-nos no Google News\" width=\"176\" height=\"64\"\/>&#13;<br \/>\n                <\/a><\/p>\n","protected":false},"excerpt":{"rendered":"Chen et al., Vista a\u00e9rea do local da estrutura Com um di\u00e2metro entre 820 e 900 metros e&hellip;\n","protected":false},"author":2,"featured_media":157947,"comment_status":"","ping_status":"","sticky":false,"template":"","format":"standard","meta":{"footnotes":""},"categories":[84],"tags":[358,109,107,108,7833,32,33,105,103,104,106,110],"class_list":{"0":"post-157946","1":"post","2":"type-post","3":"status-publish","4":"format-standard","5":"has-post-thumbnail","7":"category-ciencia-e-tecnologia","8":"tag-china","9":"tag-ciencia","10":"tag-ciencia-e-tecnologia","11":"tag-cienciaetecnologia","12":"tag-geologia","13":"tag-portugal","14":"tag-pt","15":"tag-science","16":"tag-science-and-technology","17":"tag-scienceandtechnology","18":"tag-technology","19":"tag-tecnologia"},"share_on_mastodon":{"url":"https:\/\/pubeurope.com\/@pt\/115577751299886197","error":""},"_links":{"self":[{"href":"https:\/\/www.europesays.com\/pt\/wp-json\/wp\/v2\/posts\/157946","targetHints":{"allow":["GET"]}}],"collection":[{"href":"https:\/\/www.europesays.com\/pt\/wp-json\/wp\/v2\/posts"}],"about":[{"href":"https:\/\/www.europesays.com\/pt\/wp-json\/wp\/v2\/types\/post"}],"author":[{"embeddable":true,"href":"https:\/\/www.europesays.com\/pt\/wp-json\/wp\/v2\/users\/2"}],"replies":[{"embeddable":true,"href":"https:\/\/www.europesays.com\/pt\/wp-json\/wp\/v2\/comments?post=157946"}],"version-history":[{"count":0,"href":"https:\/\/www.europesays.com\/pt\/wp-json\/wp\/v2\/posts\/157946\/revisions"}],"wp:featuredmedia":[{"embeddable":true,"href":"https:\/\/www.europesays.com\/pt\/wp-json\/wp\/v2\/media\/157947"}],"wp:attachment":[{"href":"https:\/\/www.europesays.com\/pt\/wp-json\/wp\/v2\/media?parent=157946"}],"wp:term":[{"taxonomy":"category","embeddable":true,"href":"https:\/\/www.europesays.com\/pt\/wp-json\/wp\/v2\/categories?post=157946"},{"taxonomy":"post_tag","embeddable":true,"href":"https:\/\/www.europesays.com\/pt\/wp-json\/wp\/v2\/tags?post=157946"}],"curies":[{"name":"wp","href":"https:\/\/api.w.org\/{rel}","templated":true}]}}