{"id":157950,"date":"2025-11-19T18:23:11","date_gmt":"2025-11-19T18:23:11","guid":{"rendered":"https:\/\/www.europesays.com\/pt\/157950\/"},"modified":"2025-11-19T18:23:11","modified_gmt":"2025-11-19T18:23:11","slug":"concentracao-da-neonatologia-do-d-estefania-e-alfredo-da-costa-e-o-melhor-caminho-diz-coordenador-do-s-jose","status":"publish","type":"post","link":"https:\/\/www.europesays.com\/pt\/157950\/","title":{"rendered":"Concentra\u00e7\u00e3o da neonatologia do D. Estef\u00e2nia e Alfredo da Costa \u00e9 o melhor caminho, diz coordenador do S. Jos\u00e9"},"content":{"rendered":"<p>                A dispensa de 12 m\u00e9dicos do servi\u00e7o nocturno e das urg\u00eancias, por terem atingido j\u00e1 os 55 anos, bem como enfermeiros em falta, houve a necessidade de encerrar os servi\u00e7os de neonatologia do Dona Estef\u00e2nia.<\/p>\n<p>          <img decoding=\"async\" itemprop=\"image\" class=\"img-fluid\"   src=\"https:\/\/www.europesays.com\/pt\/wp-content\/uploads\/2025\/11\/1763576591_75_bg_playeraudio_3.jpg\"\/><\/p>\n<p>&#13;<br \/>\n(Oriana Barcelos &#8211; Antena 1)&#13;\n<\/p>\n<p>&#13;<br \/>\nO coordenador na neonatologia da ULS de S\u00e3o Jos\u00e9, Daniel Virella, confirma a mudan\u00e7a que ser\u00e1 feita em breve e considera que \u00e9 o melhor caminho.&#13;\n<\/p>\n<p>De igual forma o director da Ginecologia do Santa Maria refere tamb\u00e9m ao Expresso refere que esta mudan\u00e7a \u00e9 importante pois a maternidade j\u00e1 fechou e h\u00e1 poucos partos a acontecer no D. Estef\u00e2nia.<\/p>\n<p>Os dois servi\u00e7os vivem atualmente com muitas fragilidades por isso \u00e9 uma boa ideia e vai acontecer.<br \/>&#13;\n            <\/p>\n","protected":false},"excerpt":{"rendered":"A dispensa de 12 m\u00e9dicos do servi\u00e7o nocturno e das urg\u00eancias, por terem atingido j\u00e1 os 55 anos,&hellip;\n","protected":false},"author":2,"featured_media":157951,"comment_status":"","ping_status":"","sticky":false,"template":"","format":"standard","meta":{"footnotes":""},"categories":[10],"tags":[27,28,15,16,14,25,26,21,22,12,13,19,20,32,23,24,33,420,421,17,18,29,30,31],"class_list":{"0":"post-157950","1":"post","2":"type-post","3":"status-publish","4":"format-standard","5":"has-post-thumbnail","7":"category-portugal","8":"tag-breaking-news","9":"tag-breakingnews","10":"tag-featured-news","11":"tag-featurednews","12":"tag-headlines","13":"tag-latest-news","14":"tag-latestnews","15":"tag-main-news","16":"tag-mainnews","17":"tag-news","18":"tag-noticias","19":"tag-noticias-principais","20":"tag-noticiasprincipais","21":"tag-portugal","22":"tag-principais-noticias","23":"tag-principaisnoticias","24":"tag-pt","25":"tag-rtp","26":"tag-rtp-noticias","27":"tag-top-stories","28":"tag-topstories","29":"tag-ultimas","30":"tag-ultimas-noticias","31":"tag-ultimasnoticias"},"share_on_mastodon":{"url":"https:\/\/pubeurope.com\/@pt\/115577763410338355","error":""},"_links":{"self":[{"href":"https:\/\/www.europesays.com\/pt\/wp-json\/wp\/v2\/posts\/157950","targetHints":{"allow":["GET"]}}],"collection":[{"href":"https:\/\/www.europesays.com\/pt\/wp-json\/wp\/v2\/posts"}],"about":[{"href":"https:\/\/www.europesays.com\/pt\/wp-json\/wp\/v2\/types\/post"}],"author":[{"embeddable":true,"href":"https:\/\/www.europesays.com\/pt\/wp-json\/wp\/v2\/users\/2"}],"replies":[{"embeddable":true,"href":"https:\/\/www.europesays.com\/pt\/wp-json\/wp\/v2\/comments?post=157950"}],"version-history":[{"count":0,"href":"https:\/\/www.europesays.com\/pt\/wp-json\/wp\/v2\/posts\/157950\/revisions"}],"wp:featuredmedia":[{"embeddable":true,"href":"https:\/\/www.europesays.com\/pt\/wp-json\/wp\/v2\/media\/157951"}],"wp:attachment":[{"href":"https:\/\/www.europesays.com\/pt\/wp-json\/wp\/v2\/media?parent=157950"}],"wp:term":[{"taxonomy":"category","embeddable":true,"href":"https:\/\/www.europesays.com\/pt\/wp-json\/wp\/v2\/categories?post=157950"},{"taxonomy":"post_tag","embeddable":true,"href":"https:\/\/www.europesays.com\/pt\/wp-json\/wp\/v2\/tags?post=157950"}],"curies":[{"name":"wp","href":"https:\/\/api.w.org\/{rel}","templated":true}]}}