{"id":157952,"date":"2025-11-19T18:24:20","date_gmt":"2025-11-19T18:24:20","guid":{"rendered":"https:\/\/www.europesays.com\/pt\/157952\/"},"modified":"2025-11-19T18:24:20","modified_gmt":"2025-11-19T18:24:20","slug":"e-melhor-que-berlim-observador","status":"publish","type":"post","link":"https:\/\/www.europesays.com\/pt\/157952\/","title":{"rendered":"\u00e9 melhor que Berlim \u2013 Observador"},"content":{"rendered":"<p>Lula da Silva recebeu dezenas de l\u00edderes mundiais ao longo das \u00faltimas semanas no \u00e2mbito da COP30, na cidade de Bel\u00e9m, no Par\u00e1. Mas uma declara\u00e7\u00e3o do chanceler alem\u00e3o, Friedrich Merz, est\u00e1 a gerar pol\u00e9mica e a criar tens\u00e3o entre Bras\u00edlia e Berlim. No regresso \u00e0 Alemanha, Merz mostrou-se \u201cfeliz\u201d por ter voltado \u00e0 Alemanha, dando como contraponto o que encontrou no Brasil, tendo suscitou fortes cr\u00edticas e v\u00e1rias rea\u00e7\u00f5es vindas da comunidade brasileira, incluindo do pr\u00f3prio Presidente brasileiro, que j\u00e1 respondeu, afirmando que \u201cBerlim n\u00e3o oferece 10% da qualidade\u201d do Par\u00e1.<\/p>\n<p>Foi na quinta-feira passada, dias ap\u00f3s ter regressado do Brasil, que Merz discursou perante o Congresso do Com\u00e9rcio da Alemanha. As suas declara\u00e7\u00f5es come\u00e7aram com um elogio ao pa\u00eds que governa, referindo viver num dos \u201cpa\u00edses mais bonitos do mundo\u201d. Poderia ter ficado por a\u00ed, mas para sustentar o seu ponto, aproveitou a oportunidade para comparar a beleza alem\u00e3 \u00e0 experi\u00eancia da comitiva alem\u00e3 em Bel\u00e9m.<\/p>\n<p>\u201cPerguntei a alguns jornalistas que estiveram comigo no Brasil: quem \u00e9 que gostaria de ficar aqui? Ningu\u00e9m levantou a m\u00e3o. Todos ficaram felizes por termos voltado para a Alemanha, principalmente por termos sa\u00eddo daquele lugar onde est\u00e1vamos\u201d, afirmou Friedrich Merz.<\/p>\n<p>Aquele lugar era Bel\u00e9m, no estado do Par\u00e1, onde os coment\u00e1rios do chanceler n\u00e3o foram bem recebidos. A ministra Gleisi Hoffmann, respons\u00e1vel pelas rela\u00e7\u00f5es institucionais do Brasil, foi das primeiras figuras a reagir esta semana, classificando a posi\u00e7\u00e3o de Merz como sendo \u201csnob e preconceituosa\u201d. Esta rea\u00e7\u00e3o foi amplificada pelo pr\u00f3prio Presidente do pa\u00eds, que aproveitou a inaugura\u00e7\u00e3o de uma ponte no interior de Tocantins para defender a beleza brasileira.<\/p>\n<p>\u201cO primeiro-ministro da Alemanha [Merz] esses dias se queixou: Ah, fui a Bel\u00e9m, mas voltei logo porque eu gosto mesmo \u00e9 de Berlim. Na verdade, deveria ter ido a um boteco no Par\u00e1, deveria ter dan\u00e7ado no Par\u00e1, ele deveria ter provado a culin\u00e1ria do Par\u00e1, porque ele ia perceber que Berlim n\u00e3o oferece 10% da qualidade que oferece o estado do Par\u00e1 e a cidade de Bel\u00e9m\u201d, afirmou Lula da Silva, citado pela <a href=\"https:\/\/g1.globo.com\/politica\/noticia\/2025\/11\/18\/lula-rebate-chanceler-alemao-e-diz-que-berlim-nao-oferece-10percent-da-qualidade-de-belem.ghtml\" rel=\"nofollow noopener\" target=\"_blank\">imprensa brasileira<\/a>.<\/p>\n<p>J\u00e1 H\u00e9lder Barbalho, o governador estadual, escreveu na <a href=\"https:\/\/twitter.com\/helderbarbalho\/status\/1990555701442212210\" rel=\"nofollow noopener\" target=\"_blank\">rede social X<\/a> que o \u201cPar\u00e1 abriu as portas\u201d a Merz e \u201cmostrou a for\u00e7a de um povo acolhedor\u201d, mas que em troca recebeu um \u201cdiscurso preconceituoso\u201d. \u201cCurioso ver quem ajudou a aquecer o planeta estranhar o calor da Amaz\u00f3nia\u201d, acrescenta, referindo que as palavras do chanceler alem\u00e3o \u201crevelam mais sobre quem fala do que sobre quem \u00e9 falado\u201d.<\/p>\n<blockquote class=\"twitter-tweet\" data-width=\"500\" data-dnt=\"true\">\n<p lang=\"pt\" dir=\"ltr\">O Par\u00e1 abriu as portas e mostrou a for\u00e7a de um povo acolhedor. Curioso ver quem ajudou a aquecer o planeta estranhar o calor da Amaz\u00f4nia. Um discurso preconceituoso do chanceler alem\u00e3o <a href=\"https:\/\/twitter.com\/_FriedrichMerz?ref_src=twsrc%5Etfw\" rel=\"nofollow noopener\" target=\"_blank\">@_FriedrichMerz<\/a>  revela mais sobre quem fala do que sobre quem \u00e9 falado. O futuro pede menos\u2026 <a href=\"https:\/\/t.co\/u9hHbX8v1Z\" rel=\"nofollow\">pic.twitter.com\/u9hHbX8v1Z<\/a><\/p>\n<p>\u2014 Helder Barbalho (@helderbarbalho) <a href=\"https:\/\/twitter.com\/helderbarbalho\/status\/1990555701442212210?ref_src=twsrc%5Etfw\" rel=\"nofollow noopener\" target=\"_blank\">November 17, 2025<\/a><\/p>\n<\/blockquote>\n<p>Na mesma linha, o presidente da C\u00e2mara de Bel\u00e9m diz que Friedrich Merz \u201cdestila preconceito e arrog\u00e2ncia\u201d nas suas declara\u00e7\u00f5es sobre o palco da COP30. Igor Normando diz que a opini\u00e3o transmitida pelo chanceler \u00e9 \u201cbem diferente do seu povo, que demonstra nas ruas de Bel\u00e9m o encanto pela cidade\u201d. \u201cChanceler, n\u00f3s continuaremos tratando com respeito e alegria todos que nos visitam, afinal, \u00e9 o que temos de melhor\u201d, escreve o autarca na <a href=\"https:\/\/twitter.com\/igornormando\/status\/1990513758167515606\" rel=\"nofollow noopener\" target=\"_blank\">rede social X<\/a>.<\/p>\n<blockquote class=\"twitter-tweet\" data-width=\"500\" data-dnt=\"true\">\n<p lang=\"pt\" dir=\"ltr\">Cada um d\u00e1 o que tem, e, infelizmente, o Chanceler Alem\u00e3o destila preconceito e arrog\u00e2ncia na sua fala, bem diferente do seu povo, que demonstra nas ruas de Bel\u00e9m o encantamento pela nossa cidade! Chanceler, n\u00f3s continuaremos tratando com respeito e alegria todos que nos visitam,\u2026 <a href=\"https:\/\/t.co\/tk6USM5DAm\" rel=\"nofollow\">pic.twitter.com\/tk6USM5DAm<\/a><\/p>\n<p>\u2014 Igor Normando (@igornormando) <a href=\"https:\/\/twitter.com\/igornormando\/status\/1990513758167515606?ref_src=twsrc%5Etfw\" rel=\"nofollow noopener\" target=\"_blank\">November 17, 2025<\/a><\/p>\n<\/blockquote>\n<p>De Bel\u00e9m, as cr\u00edticas multiplicaram-se um pouco por todo o territ\u00f3rio brasileiro. Uma das vozes mais sonantes a pronunciar-se sobre o tema foi o presidente da C\u00e2mara do Rio de Janeiro, que reagiu \u00e0s declara\u00e7\u00f5es de Merz na <a href=\"https:\/\/twitter.com\/AssLatam\/status\/1990833182778818751\" rel=\"nofollow noopener\" target=\"_blank\">rede social X<\/a>. \u201cFilhote de Hitler vagabundo! Nazista\u201d, escreveu Eduardo Paes, num tweet que entretanto apagou. De resto, milhares de cidad\u00e3os manifestaram o seu desagrado com os coment\u00e1rio de Merz, com v\u00e1rias publica\u00e7\u00f5es online a dizer que tamb\u00e9m est\u00e3o \u201ccontentes\u201d com o regresso do chanceler a Alemanha.<\/p>\n<blockquote class=\"twitter-tweet\" data-width=\"500\" data-dnt=\"true\">\n<p lang=\"en\" dir=\"ltr\">Eduardo Paes, mayor of Rio de Janeiro, said that Chancellor Friedrich Merz of Germany is a nazi and &#8220;Hitler&#8217;s spawn&#8221;.<\/p>\n<p>This is after Merz made harsh remarks about Brazil, mocking the handling of COP30 in Bel\u00e9m. <a href=\"https:\/\/t.co\/uug44vuqN4\" rel=\"nofollow\">pic.twitter.com\/uug44vuqN4<\/a><\/p>\n<p>\u2014 Crazy Ass Moments in LatAm Politics (@AssLatam) <a href=\"https:\/\/twitter.com\/AssLatam\/status\/1990833182778818751?ref_src=twsrc%5Etfw\" rel=\"nofollow noopener\" target=\"_blank\">November 18, 2025<\/a><\/p>\n<\/blockquote>\n<p>            <script async src=\"https:\/\/platform.twitter.com\/widgets.js\" charset=\"utf-8\"><\/script><\/p>\n","protected":false},"excerpt":{"rendered":"Lula da Silva recebeu dezenas de l\u00edderes mundiais ao longo das \u00faltimas semanas no \u00e2mbito da COP30, na&hellip;\n","protected":false},"author":2,"featured_media":157953,"comment_status":"","ping_status":"","sticky":false,"template":"","format":"standard","meta":{"footnotes":""},"categories":[8],"tags":[1305,964,726,27,28,442,2271,6391,445,15,16,14,25,26,21,22,62,12,13,19,20,32,23,24,33,17,18,29,30,31],"class_list":{"0":"post-157952","1":"post","2":"type-post","3":"status-publish","4":"format-standard","5":"has-post-thumbnail","7":"category-principais-noticias","8":"tag-alemanha","9":"tag-ambiente","10":"tag-brasil","11":"tag-breaking-news","12":"tag-breakingnews","13":"tag-ciu00eancia","14":"tag-clima","15":"tag-cop30","16":"tag-europa","17":"tag-featured-news","18":"tag-featurednews","19":"tag-headlines","20":"tag-latest-news","21":"tag-latestnews","22":"tag-main-news","23":"tag-mainnews","24":"tag-mundo","25":"tag-news","26":"tag-noticias","27":"tag-noticias-principais","28":"tag-noticiasprincipais","29":"tag-portugal","30":"tag-principais-noticias","31":"tag-principaisnoticias","32":"tag-pt","33":"tag-top-stories","34":"tag-topstories","35":"tag-ultimas","36":"tag-ultimas-noticias","37":"tag-ultimasnoticias"},"share_on_mastodon":{"url":"https:\/\/pubeurope.com\/@pt\/115577766870195475","error":""},"_links":{"self":[{"href":"https:\/\/www.europesays.com\/pt\/wp-json\/wp\/v2\/posts\/157952","targetHints":{"allow":["GET"]}}],"collection":[{"href":"https:\/\/www.europesays.com\/pt\/wp-json\/wp\/v2\/posts"}],"about":[{"href":"https:\/\/www.europesays.com\/pt\/wp-json\/wp\/v2\/types\/post"}],"author":[{"embeddable":true,"href":"https:\/\/www.europesays.com\/pt\/wp-json\/wp\/v2\/users\/2"}],"replies":[{"embeddable":true,"href":"https:\/\/www.europesays.com\/pt\/wp-json\/wp\/v2\/comments?post=157952"}],"version-history":[{"count":0,"href":"https:\/\/www.europesays.com\/pt\/wp-json\/wp\/v2\/posts\/157952\/revisions"}],"wp:featuredmedia":[{"embeddable":true,"href":"https:\/\/www.europesays.com\/pt\/wp-json\/wp\/v2\/media\/157953"}],"wp:attachment":[{"href":"https:\/\/www.europesays.com\/pt\/wp-json\/wp\/v2\/media?parent=157952"}],"wp:term":[{"taxonomy":"category","embeddable":true,"href":"https:\/\/www.europesays.com\/pt\/wp-json\/wp\/v2\/categories?post=157952"},{"taxonomy":"post_tag","embeddable":true,"href":"https:\/\/www.europesays.com\/pt\/wp-json\/wp\/v2\/tags?post=157952"}],"curies":[{"name":"wp","href":"https:\/\/api.w.org\/{rel}","templated":true}]}}