{"id":157956,"date":"2025-11-19T18:28:09","date_gmt":"2025-11-19T18:28:09","guid":{"rendered":"https:\/\/www.europesays.com\/pt\/157956\/"},"modified":"2025-11-19T18:28:09","modified_gmt":"2025-11-19T18:28:09","slug":"ja-nao-conseguem-resistir-pedro-jorge-e-marisa-passam-a-manha-agarrados-e-quase-a-vista-de-todos-secret-story","status":"publish","type":"post","link":"https:\/\/www.europesays.com\/pt\/157956\/","title":{"rendered":"J\u00e1 n\u00e3o conseguem resistir! Pedro Jorge e Marisa passam a manh\u00e3 agarrados e quase \u00e0 vista de todos &#8211; Secret Story"},"content":{"rendered":"<p data-end=\"442\" data-is-last-node=\"\" data-is-only-node=\"\" data-start=\"51\">Marisa protagoniza um momento inesperado no <strong>Secret Story 9<\/strong>: durante uma brincadeira, simula uma discuss\u00e3o com Pedro Jorge e acaba por surpreender o concorrente com um apaixonado beijo na boca.\u00a0O casal acordou bem disposto e trocou v\u00e1rias car\u00edcias, quase \u00e0 frente de toda a gente.<\/p>\n<p> Recorde que o casal passou o dia de ontem em discuss\u00e3o: <\/p>\n<p>Marisa perdeu completamente a cabe\u00e7a com Pedro Jorge depois de descobrir que ele n\u00e3o a escolheu para subl\u00edder, optando por Liliana, apesar de ela pr\u00f3pria n\u00e3o se ter candidatado a l\u00edder por causa do marido. Visivelmente chateada, Marisa sentiu-se desvalorizada e acusou-o de ingratid\u00e3o. Pedro Jorge respondeu sem rodeios, dizendo que Marisa \u00ab\u00e9 uma piada\u00bb e \u00abhip\u00f3crita\u00bb, e afirmou que aquilo que ela faz \u00e9 falsidade. O concorrente acrescentou ainda que acredita que Marisa est\u00e1 a jogar contra ele. A discuss\u00e3o terminou com Marisa a cham\u00e1-lo de ingrato, deixando o clima explosivo entre o casal.<\/p>\n<p>Mais tarde, j\u00e1 no alpendre, Marisa desabafou com Bruno e In\u00eas, lamentando que Pedro Jorge e Liliana estivessem \u00abj\u00e1 amiguinhos outra vez\u00bb, enquanto tentava recompor-se da discuss\u00e3o.<\/p>\n<p>o <strong>Especial<\/strong> do <strong>Secret Story 9<\/strong>, com Cristina Ferreira, depois de todos assistirem \u00e0s imagens, Bruno defendeu e elogiou Marisa. J\u00e1 Liliana fica surpreendida com a postura de Marisa para com a escolha de Pedro Jorge, que a escolheu para sub chefe das limpezas, em vez da mulher. Esta atitude at\u00e9 levantou suspeitas relativamente aos segredos dos dois.\u00a0<\/p>\n<p>Pedro foi chamado ao confession\u00e1rio para falar com Cristina Ferreira, em que explicou tudo o que sentiu nesta situa\u00e7\u00e3o e confessa at\u00e9 que n\u00e3o \u00e9 a primeira vez que v\u00ea a mulher com uma postura mais raivosa para consigo.<\/p>\n<p><strong>VOTE PARA SALVAR:<\/strong><\/p>\n<p><strong>ANA \u2013 761 20 20 01<br \/>F\u00c1BIO \u2013 761 20 20 08<br \/>IN\u00caS \u2013 761 20 20 10<br \/>LILIANA \u2013 761 20 20 14<br \/>MARISA SUSANA &#8211; 761 20 20 17<\/strong><\/p>\n<p><strong><a href=\"https:\/\/tvi.iol.pt\/secretstory\/aominuto\" rel=\"nofollow noopener\" target=\"_blank\">Acompanhe ao minuto tudo o que se passa na casa mais vigiada do Pa\u00eds!<\/a><\/strong><\/p>\n","protected":false},"excerpt":{"rendered":"Marisa protagoniza um momento inesperado no Secret Story 9: durante uma brincadeira, simula uma discuss\u00e3o com Pedro Jorge&hellip;\n","protected":false},"author":2,"featured_media":157957,"comment_status":"","ping_status":"","sticky":false,"template":"","format":"standard","meta":{"footnotes":""},"categories":[142],"tags":[114,115,19033,19184,19034,21416,32,33,151,19032],"class_list":{"0":"post-157956","1":"post","2":"type-post","3":"status-publish","4":"format-standard","5":"has-post-thumbnail","7":"category-tv","8":"tag-entertainment","9":"tag-entretenimento","10":"tag-galas-em-video","11":"tag-marisa","12":"tag-melhores-momentos-casa-dos-segredos","13":"tag-pedro-jorge","14":"tag-portugal","15":"tag-pt","16":"tag-tv","17":"tag-videos-secret-story-tvi"},"share_on_mastodon":{"url":"https:\/\/pubeurope.com\/@pt\/115577782666513884","error":""},"_links":{"self":[{"href":"https:\/\/www.europesays.com\/pt\/wp-json\/wp\/v2\/posts\/157956","targetHints":{"allow":["GET"]}}],"collection":[{"href":"https:\/\/www.europesays.com\/pt\/wp-json\/wp\/v2\/posts"}],"about":[{"href":"https:\/\/www.europesays.com\/pt\/wp-json\/wp\/v2\/types\/post"}],"author":[{"embeddable":true,"href":"https:\/\/www.europesays.com\/pt\/wp-json\/wp\/v2\/users\/2"}],"replies":[{"embeddable":true,"href":"https:\/\/www.europesays.com\/pt\/wp-json\/wp\/v2\/comments?post=157956"}],"version-history":[{"count":0,"href":"https:\/\/www.europesays.com\/pt\/wp-json\/wp\/v2\/posts\/157956\/revisions"}],"wp:featuredmedia":[{"embeddable":true,"href":"https:\/\/www.europesays.com\/pt\/wp-json\/wp\/v2\/media\/157957"}],"wp:attachment":[{"href":"https:\/\/www.europesays.com\/pt\/wp-json\/wp\/v2\/media?parent=157956"}],"wp:term":[{"taxonomy":"category","embeddable":true,"href":"https:\/\/www.europesays.com\/pt\/wp-json\/wp\/v2\/categories?post=157956"},{"taxonomy":"post_tag","embeddable":true,"href":"https:\/\/www.europesays.com\/pt\/wp-json\/wp\/v2\/tags?post=157956"}],"curies":[{"name":"wp","href":"https:\/\/api.w.org\/{rel}","templated":true}]}}