{"id":157964,"date":"2025-11-19T18:34:10","date_gmt":"2025-11-19T18:34:10","guid":{"rendered":"https:\/\/www.europesays.com\/pt\/157964\/"},"modified":"2025-11-19T18:34:10","modified_gmt":"2025-11-19T18:34:10","slug":"5-ofertas-samsung-que-estao-a-preco-de-saldo-antes-da-black-friday","status":"publish","type":"post","link":"https:\/\/www.europesays.com\/pt\/157964\/","title":{"rendered":"5 ofertas Samsung que est\u00e3o a pre\u00e7o de saldo antes da Black Friday"},"content":{"rendered":"<p class=\"leading\">\n                A Samsung, conhecida pela sua qualidade, chega \u00e0 Amazon com ofertas antecipadas: telem\u00f3veis, tablets e muito mais!            <\/p>\n<p>        <img decoding=\"async\" alt=\"ofertas samsung  com descontos at\u00e9 43%\" height=\"900\" src=\"https:\/\/www.europesays.com\/pt\/wp-content\/uploads\/2025\/11\/banner-desufre-669538-99.jpg\" width=\"1600\" fetchpriority=\"high\"\/><br \/>\nCr\u00e9dito: (4gnews \/ Amazon) <\/p>\n<p><a href=\"https:\/\/whatsapp.com\/channel\/0029Va54F7B7j6gBNXobAM16\" rel=\"nofollow noopener\" class=\"banner-deals mb20 banner-deals-rotation banner-deals-rotation--whatsapp\" target=\"_blank\"><\/p>\n<p>        Entra no nosso canal Whatsapp<br \/>e recebe as melhores ofertas<\/p>\n<p>        ENTRAR\n    <\/p>\n<p><\/a><\/p>\n<p>N\u00e3o \u00e9 de hoje que a Samsung \u00e9 conhecida pela qualidade dos seus produtos. A boa not\u00edcia \u00e9 que j\u00e1 est\u00e3o dispon\u00edveis as ofertas antecipadas na Amazon! Telem\u00f3veis, tablets e muito mais com <strong>descontos at\u00e9 43%<\/strong>, permitindo-te aproveitar tecnologia fi\u00e1vel e inovadora a pre\u00e7os imperd\u00edveis.<\/p>\n<p><a href=\"https:\/\/amzn.to\/44fVxA4\" target=\"_blank\" rel=\"nofollow noreferrer noopener\"><img decoding=\"async\" alt=\"Samsung Galaxy Tab A9+\" height=\"488\" width=\"650\" class=\"lazyload\" src=\"https:\/\/www.europesays.com\/pt\/wp-content\/uploads\/2025\/11\/1763577248_454_samsung-galaxy-tab-a9-128-gb-31psxxci9yl-sl500.jpg\" loading=\"lazy\"\/><\/a><\/p>\n<p>189,00 \u20acAmazon<\/p>\n<p>289,00 \u20ac-35%<\/p>\n<ul>\n<li>\u2705 Ecr\u00e3 11\u201d WUXGA+ (120 Hz) \u2014 imagem fluida e n\u00edtida, ideal para v\u00eddeos, jogos e leitura<\/li>\n<li>\u2705 Processador Snapdragon 7 Gen 1<\/li>\n<li>\u2705 6 GB RAM + 128 GB armazenamento (expans\u00edvel at\u00e9 1 TB)<\/li>\n<li>\u2705 Som 3D com altifalantes qu\u00e1druplos \u2014 \u00e1udio envolvente e potente para filmes e m\u00fasica<\/li>\n<li>\u274c Sem vers\u00e3o 5G dispon\u00edvel neste modelo (WiFi apenas)<\/li>\n<\/ul>\n<p>O <strong>Samsung Galaxy Tab A9+<\/strong> \u00e9 um tablet vers\u00e1til e equilibrado, perfeito para estudar, trabalhar ou relaxar. Com um ecr\u00e3 envolvente, som 3D imersivo e um corpo met\u00e1lico premium, oferece uma excelente experi\u00eancia de utiliza\u00e7\u00e3o, tudo isto agora com um desconto de 35% antes da Black Friday, por apenas <strong>192,13 \u20ac (pre\u00e7o recomendado: 293,77 \u20ac).<\/strong><\/p>\n<p>Outras excelentes op\u00e7\u00f5es em promo\u00e7\u00f5es:<br \/>\n<a href=\"https:\/\/amzn.to\/4omRNEt\" target=\"_blank\" rel=\"nofollow noreferrer noopener\"><img decoding=\"async\" alt=\"Samsung Galaxy Watch7 44mm Verde\" height=\"488\" width=\"650\" class=\"lazyload\" src=\"https:\/\/www.europesays.com\/pt\/wp-content\/uploads\/2025\/11\/1763577249_10_samsung-galaxy-watch7-44mm-verde-41-efnxincl-sl500.jpg\" loading=\"lazy\"\/><\/a><\/p>\n<p>199,00 \u20acAmazon<\/p>\n<p>349,90 \u20ac-43%<\/p>\n<p><a href=\"https:\/\/amzn.to\/4r8QoDN\" target=\"_blank\" rel=\"nofollow noreferrer noopener\"><img decoding=\"async\" alt=\"Samsung Galaxy Buds FE\" height=\"488\" width=\"650\" class=\"lazyload\" src=\"https:\/\/www.europesays.com\/pt\/wp-content\/uploads\/2025\/11\/samsung-galaxy-buds-fe-21erkghelbl-sl500.jpg\" loading=\"lazy\"\/><\/a><\/p>\n<p>59,00 \u20acAmazon<\/p>\n<p>109,00 \u20ac-46%<\/p>\n<p><a href=\"https:\/\/amzn.to\/48lQr7V\" target=\"_blank\" rel=\"nofollow noreferrer noopener\"><img decoding=\"async\" alt=\"Samsung Galaxy SmartTag2 2 unidades\" height=\"488\" width=\"650\" class=\"lazyload\" src=\"https:\/\/www.europesays.com\/pt\/wp-content\/uploads\/2025\/11\/samsung-galaxy-smarttag2-2-unidades-31zmaakmcyl-sl500.jpg\" loading=\"lazy\"\/><\/a><\/p>\n<p>29,98 \u20acAmazon<\/p>\n<p>37,34 \u20ac-20%<\/p>\n<p><a href=\"https:\/\/amzn.to\/4480M4S\" target=\"_blank\" rel=\"nofollow noreferrer noopener\"><img decoding=\"async\" alt=\"Samsung Galaxy A56\" height=\"488\" width=\"650\" class=\"lazyload\" src=\"https:\/\/www.europesays.com\/pt\/wp-content\/uploads\/2025\/11\/1763577250_885_samsung-galaxy-a56-41mxjbm85tl-sl500.jpg\" loading=\"lazy\"\/><\/a><\/p>\n<p><a class=\"affiliate-title\" href=\"https:\/\/amzn.to\/4480M4S\" target=\"_blank\" rel=\"nofollow noreferrer noopener\">Samsung Galaxy A56<\/a>ecr\u00e3 6,7&#8243; Super AMOLED, c\u00e2mara 50 MP, bateria 5000 mAh, garantia de 3 anos<\/p>\n<p>Stock Limitado<\/p>\n<p>319,00 \u20acAmazon<\/p>\n<p>414,98 \u20ac-23%<\/p>\n<p>Mais ofertas antecipadas na Amazon<\/p>\n<p class=\"offer-block-disclaimer\">*Ofertas escolhidas pela nossa equipa comercial<\/p>\n<p>Podes ver mais <a href=\"https:\/\/4gnews.pt\/black-friday-2025-guia-com-as-40-melhores-promocoes-em-portugal\/\" rel=\"nofollow noopener\" target=\"_blank\">ofertas de Black Friday no nosso guia<\/a>, onde temos mais de 40 produtos \u00e0 tua espera na maior promo\u00e7\u00e3o do ano!<\/p>\n<p>\ud83d\udd25<strong>Acompanha os Descontos no site, no WhatsApp e Telegram! <\/strong>Todos os dias a equipa 4gnews procura as melhores promo\u00e7\u00f5es, fica atento:<\/p>\n<p>\ud83d\udd14 <strong>Ativa as notifica\u00e7\u00f5es nos canais <\/strong>para n\u00e3o perderes nenhuma grande oportunidade<strong>!<\/strong><\/p>\n<p class=\"inline-related-title\">Editores 4gnews recomendam:<\/p>\n","protected":false},"excerpt":{"rendered":"A Samsung, conhecida pela sua qualidade, chega \u00e0 Amazon com ofertas antecipadas: telem\u00f3veis, tablets e muito mais! Cr\u00e9dito:&hellip;\n","protected":false},"author":2,"featured_media":157965,"comment_status":"","ping_status":"","sticky":false,"template":"","format":"standard","meta":{"footnotes":""},"categories":[84],"tags":[109,107,108,32,33,105,103,104,106,110],"class_list":{"0":"post-157964","1":"post","2":"type-post","3":"status-publish","4":"format-standard","5":"has-post-thumbnail","7":"category-ciencia-e-tecnologia","8":"tag-ciencia","9":"tag-ciencia-e-tecnologia","10":"tag-cienciaetecnologia","11":"tag-portugal","12":"tag-pt","13":"tag-science","14":"tag-science-and-technology","15":"tag-scienceandtechnology","16":"tag-technology","17":"tag-tecnologia"},"share_on_mastodon":{"url":"https:\/\/pubeurope.com\/@pt\/115577806859563041","error":""},"_links":{"self":[{"href":"https:\/\/www.europesays.com\/pt\/wp-json\/wp\/v2\/posts\/157964","targetHints":{"allow":["GET"]}}],"collection":[{"href":"https:\/\/www.europesays.com\/pt\/wp-json\/wp\/v2\/posts"}],"about":[{"href":"https:\/\/www.europesays.com\/pt\/wp-json\/wp\/v2\/types\/post"}],"author":[{"embeddable":true,"href":"https:\/\/www.europesays.com\/pt\/wp-json\/wp\/v2\/users\/2"}],"replies":[{"embeddable":true,"href":"https:\/\/www.europesays.com\/pt\/wp-json\/wp\/v2\/comments?post=157964"}],"version-history":[{"count":0,"href":"https:\/\/www.europesays.com\/pt\/wp-json\/wp\/v2\/posts\/157964\/revisions"}],"wp:featuredmedia":[{"embeddable":true,"href":"https:\/\/www.europesays.com\/pt\/wp-json\/wp\/v2\/media\/157965"}],"wp:attachment":[{"href":"https:\/\/www.europesays.com\/pt\/wp-json\/wp\/v2\/media?parent=157964"}],"wp:term":[{"taxonomy":"category","embeddable":true,"href":"https:\/\/www.europesays.com\/pt\/wp-json\/wp\/v2\/categories?post=157964"},{"taxonomy":"post_tag","embeddable":true,"href":"https:\/\/www.europesays.com\/pt\/wp-json\/wp\/v2\/tags?post=157964"}],"curies":[{"name":"wp","href":"https:\/\/api.w.org\/{rel}","templated":true}]}}