{"id":157968,"date":"2025-11-19T18:36:09","date_gmt":"2025-11-19T18:36:09","guid":{"rendered":"https:\/\/www.europesays.com\/pt\/157968\/"},"modified":"2025-11-19T18:36:09","modified_gmt":"2025-11-19T18:36:09","slug":"bosch-anuncia-fim-do-lay-off-na-fabrica-de-braga-na-segunda-feira","status":"publish","type":"post","link":"https:\/\/www.europesays.com\/pt\/157968\/","title":{"rendered":"Bosch anuncia fim do lay-off na f\u00e1brica de Braga na segunda-feira"},"content":{"rendered":"<p>&#13;<br \/>\n<b>&#8220;Com base num fornecimento mais cont\u00ednuo de componentes e nas medidas de mitiga\u00e7\u00e3o implementadas, os contratos de trabalho dos colaboradores afetados voltar\u00e3o a estar plenamente ativos&#8221;<\/b>, avan\u00e7ou a empresa numa nota enviada \u00e0 ag\u00eancia Lusa. &#13;\n<\/p>\n<p>\nAssim, a f\u00e1brica localizada em Braga reabre portas a partir da pr\u00f3xima segunda-feira, a 24 de novembro de 2025, garantindo a produ\u00e7\u00e3o \u201csem necessidade de recorrer a um regime de &#8216;lay-off&#8217;\u201d, o que reflete o \u201ccompromisso em proteger o emprego\u201d dos milhares de trabalhadores dispensados h\u00e1 cerca de tr\u00eas semanas.<br \/>\n<b><br \/>&#13;<br \/>\nEm causa do &#8216;lay-off&#8217; anunciado no passado dia 28 de outubro estava a insufici\u00eancia de componentes eletr\u00f3nicos provenientes da Nexperia<\/b>, um dos fornecedores de &#8216;chips&#8217; e componentes eletr\u00f3nicos do grupo Bosch, e as consequentes interrup\u00e7\u00f5es na produ\u00e7\u00e3o.<\/p>\n<p>No entanto, e &#8220;dependendo da situa\u00e7\u00e3o geral de escassez de componentes e da evolu\u00e7\u00e3o da pol\u00edtica comercial&#8221;,<b> a Bosch diz n\u00e3o poder &#8220;excluir, em princ\u00edpio, futuras interrup\u00e7\u00f5es de produ\u00e7\u00e3o ou ajustes nos hor\u00e1rios de trabalho&#8221;.<\/b><\/p>\n<p>A prioridade atual passa por &#8220;manter as cadeias de abastecimento e evitar ou minimizar restri\u00e7\u00f5es de produ\u00e7\u00e3o&#8221;, revelou a empresa, confiante com o futuro breve dos trabalhos, apesar de a situa\u00e7\u00e3o atual continuar &#8220;a colocar desafios significativos&#8221; \u00e0s f\u00e1bricas da Bosch em Ansbach e Salzgitter, ambas situadas na Alemanha.<\/p>\n<p>Ap\u00f3s semanas de conflito pol\u00edtico e comercial entre China e Pa\u00edses Baixos, o Governo neerland\u00eas anunciou hoje ter suspendido a interven\u00e7\u00e3o na Nexperia, que permitia bloquear decis\u00f5es da empresa chinesa de semicondutores que amea\u00e7assem a produ\u00e7\u00e3o de &#8216;chips&#8217; na Europa.<\/p>\n<p>A suspens\u00e3o n\u00e3o anula a interven\u00e7\u00e3o, uma vez que o Governo neerland\u00eas mant\u00e9m a op\u00e7\u00e3o de reativar a medida a qualquer momento se voltar a detetar riscos para a produ\u00e7\u00e3o europeia.<\/p>\n<p>Num breve comunicado, o ministro neerland\u00eas dos Assuntos Econ\u00f3micos, Vincent Karremans, explicou que, dados os progressos entre a China e os Pa\u00edses Baixos, este \u00e9 &#8220;o momento adequado para dar um passo construtivo\u201d, suspendendo a ordem dada ao abrigo da Lei da Disponibilidade de Bens, uma norma de 1952 que foi invocada pela primeira vez em setembro passado.<\/p>\n<p>O Governo neerland\u00eas interveio na empresa no final de setembro, considerando que o diretor chin\u00eas da Nexperia, Zhang Xuezheng, poderia comprometer o abastecimento europeu, tens\u00e3o que tem tamb\u00e9m comprometido o trabalho dos funcion\u00e1rios, bem como a transforma\u00e7\u00e3o tecnol\u00f3gica do setor.<br \/>&#13;<br \/>\n<b><br \/>&#13;<br \/>\nA Nexperia fabrica &#8216;chips&#8217; utilizados em telem\u00f3veis, autom\u00f3veis e pain\u00e9is solares e \u00e9 um fornecedor fundamental para a ind\u00fastria europeia. <\/b><\/p>\n<p>Salientando acompanhar &#8220;muito de perto&#8221; a evolu\u00e7\u00e3o atual da pol\u00edtica comercial, a Bosch diz estar a observar &#8220;os primeiros passos rumo a um di\u00e1logo pol\u00edtico entre as partes&#8221; e mant\u00e9m-se positiva em rela\u00e7\u00e3o a uma &#8220;solu\u00e7\u00e3o duradoura&#8221;.<\/p>\n<p>Com a conclus\u00e3o do conflito, o regresso \u00e0 atividade \u00e9 esperado para o in\u00edcio da pr\u00f3xima semana<b>. A\u00a0previs\u00e3o inicial para o fim do &#8216;lay-off&#8217; apontava para o final de abril de 2026.<\/b><\/p>\n<p>&#13;<br \/>\nA resolu\u00e7\u00e3o do problema surge dois meses depois de a Bosh, a quinta maior exportadora nacional, ter anunciado que previa eliminar <b>mais de 13.000 postos de trabalho na Alemanha e um ano ap\u00f3s ter reduzido o n\u00famero de trabalhadores na unidade bracarense em cerca de 700 pessoas.<\/b>&#13;\n<\/p>\n<p>&#13;<br \/>\ncom Lusa&#13;\n<\/p>\n<p>&#13;<br \/>\n\u00a0&#13;<\/p>\n","protected":false},"excerpt":{"rendered":"&#13; &#8220;Com base num fornecimento mais cont\u00ednuo de componentes e nas medidas de mitiga\u00e7\u00e3o implementadas, os contratos de&hellip;\n","protected":false},"author":2,"featured_media":157969,"comment_status":"","ping_status":"","sticky":false,"template":"","format":"standard","meta":{"footnotes":""},"categories":[50],"tags":[21920,27,28,15,16,14,25,26,29578,21,22,62,12,13,19,20,23,24,17,18,29,30,31,63,64,65],"class_list":{"0":"post-157968","1":"post","2":"type-post","3":"status-publish","4":"format-standard","5":"has-post-thumbnail","7":"category-mundo","8":"tag-bosch","9":"tag-breaking-news","10":"tag-breakingnews","11":"tag-featured-news","12":"tag-featurednews","13":"tag-headlines","14":"tag-latest-news","15":"tag-latestnews","16":"tag-lay-off","17":"tag-main-news","18":"tag-mainnews","19":"tag-mundo","20":"tag-news","21":"tag-noticias","22":"tag-noticias-principais","23":"tag-noticiasprincipais","24":"tag-principais-noticias","25":"tag-principaisnoticias","26":"tag-top-stories","27":"tag-topstories","28":"tag-ultimas","29":"tag-ultimas-noticias","30":"tag-ultimasnoticias","31":"tag-world","32":"tag-world-news","33":"tag-worldnews"},"share_on_mastodon":{"url":"https:\/\/pubeurope.com\/@pt\/115577814040081390","error":""},"_links":{"self":[{"href":"https:\/\/www.europesays.com\/pt\/wp-json\/wp\/v2\/posts\/157968","targetHints":{"allow":["GET"]}}],"collection":[{"href":"https:\/\/www.europesays.com\/pt\/wp-json\/wp\/v2\/posts"}],"about":[{"href":"https:\/\/www.europesays.com\/pt\/wp-json\/wp\/v2\/types\/post"}],"author":[{"embeddable":true,"href":"https:\/\/www.europesays.com\/pt\/wp-json\/wp\/v2\/users\/2"}],"replies":[{"embeddable":true,"href":"https:\/\/www.europesays.com\/pt\/wp-json\/wp\/v2\/comments?post=157968"}],"version-history":[{"count":0,"href":"https:\/\/www.europesays.com\/pt\/wp-json\/wp\/v2\/posts\/157968\/revisions"}],"wp:featuredmedia":[{"embeddable":true,"href":"https:\/\/www.europesays.com\/pt\/wp-json\/wp\/v2\/media\/157969"}],"wp:attachment":[{"href":"https:\/\/www.europesays.com\/pt\/wp-json\/wp\/v2\/media?parent=157968"}],"wp:term":[{"taxonomy":"category","embeddable":true,"href":"https:\/\/www.europesays.com\/pt\/wp-json\/wp\/v2\/categories?post=157968"},{"taxonomy":"post_tag","embeddable":true,"href":"https:\/\/www.europesays.com\/pt\/wp-json\/wp\/v2\/tags?post=157968"}],"curies":[{"name":"wp","href":"https:\/\/api.w.org\/{rel}","templated":true}]}}