{"id":157970,"date":"2025-11-19T18:37:14","date_gmt":"2025-11-19T18:37:14","guid":{"rendered":"https:\/\/www.europesays.com\/pt\/157970\/"},"modified":"2025-11-19T18:37:14","modified_gmt":"2025-11-19T18:37:14","slug":"ugt-lamenta-falta-de-disponibilidade-do-governo-e-mantem-greve-geral","status":"publish","type":"post","link":"https:\/\/www.europesays.com\/pt\/157970\/","title":{"rendered":"UGT lamenta falta de disponibilidade do Governo e mant\u00e9m greve geral"},"content":{"rendered":"<p>                Em declara\u00e7\u00f5es \u00e0 Antena 1 e \u00e0 RTP, M\u00e1rio Mour\u00e3o considera que recuos do Governo nos \u00faltimos dias s\u00e3o insuficientes para desconvocar a greve geral de dia 11 de dezembro, mas mostra-se dispon\u00edvel ao di\u00e1logo.<\/p>\n<p>\u201cO nosso compromisso \u00e9 sempre com uma espectativa de dialogo e de compromisso. Mas n\u00e3o sei se vamos encontrar isso do outro lado [governo]\u201d, refere o secret\u00e1rio-geral da UGT.<\/p>\n<p>          <img decoding=\"async\" itemprop=\"image\" class=\"img-fluid\"   src=\"https:\/\/www.europesays.com\/pt\/wp-content\/uploads\/2025\/11\/1763577434_813_bg_playeraudio_5.jpg\"\/><\/p>\n<p>Declara\u00e7\u00f5es no final de uma reuni\u00e3o com o grupo parlamentar do PS na Assembleia da Rep\u00fablica para discutir a reforma laboral.<\/p>\n<p>M\u00e1rio Mour\u00e3o lamenta a falta de evolu\u00e7\u00e3o nas negocia\u00e7\u00f5es e real\u00e7a que cabe ao Governo mostrar que quer melhorar o anteprojeto antes de o entregar ao Parlamento.<\/p>\n<p>\u201cH\u00e1 muita desinforma\u00e7\u00e3o. Afinal ainda est\u00e3o a negociar\u201d, refere. \u201cN\u00f3s n\u00e3o est\u00e1vamos a negociar. Est\u00e1vamos a conversar, mas n\u00e3o se fazia nada em termos de negocia\u00e7\u00e3o.\u201d <\/p>\n<p>          <img decoding=\"async\" itemprop=\"image\" class=\"img-fluid\"   src=\"https:\/\/www.europesays.com\/pt\/wp-content\/uploads\/2025\/11\/1763577434_498_bg_playeraudio_3.jpg\"\/><\/p>\n<p>A central sindical, que pediu audi\u00eancias aos v\u00e1rios grupos parlamentares, j\u00e1 foi recebida pelo Partido Socialista e pelo Chega e tem agendado uma reuni\u00e3o com o Livre na tarde desta quarta-feira. <\/p>\n<p>A UGT tamb\u00e9m fez saber que pediu reuni\u00f5es ao primeiro-ministro e ao presidente da Rep\u00fablica, mas at\u00e9 agora n\u00e3o obteve resposta.&#13;\n            <\/p>\n","protected":false},"excerpt":{"rendered":"Em declara\u00e7\u00f5es \u00e0 Antena 1 e \u00e0 RTP, M\u00e1rio Mour\u00e3o considera que recuos do Governo nos \u00faltimos dias&hellip;\n","protected":false},"author":2,"featured_media":157971,"comment_status":"","ping_status":"","sticky":false,"template":"","format":"standard","meta":{"footnotes":""},"categories":[10],"tags":[27,28,15,16,14,25,26,21,22,12,13,19,20,32,23,24,33,420,421,17,18,29,30,31],"class_list":{"0":"post-157970","1":"post","2":"type-post","3":"status-publish","4":"format-standard","5":"has-post-thumbnail","7":"category-portugal","8":"tag-breaking-news","9":"tag-breakingnews","10":"tag-featured-news","11":"tag-featurednews","12":"tag-headlines","13":"tag-latest-news","14":"tag-latestnews","15":"tag-main-news","16":"tag-mainnews","17":"tag-news","18":"tag-noticias","19":"tag-noticias-principais","20":"tag-noticiasprincipais","21":"tag-portugal","22":"tag-principais-noticias","23":"tag-principaisnoticias","24":"tag-pt","25":"tag-rtp","26":"tag-rtp-noticias","27":"tag-top-stories","28":"tag-topstories","29":"tag-ultimas","30":"tag-ultimas-noticias","31":"tag-ultimasnoticias"},"share_on_mastodon":{"url":"https:\/\/pubeurope.com\/@pt\/115577818216490448","error":""},"_links":{"self":[{"href":"https:\/\/www.europesays.com\/pt\/wp-json\/wp\/v2\/posts\/157970","targetHints":{"allow":["GET"]}}],"collection":[{"href":"https:\/\/www.europesays.com\/pt\/wp-json\/wp\/v2\/posts"}],"about":[{"href":"https:\/\/www.europesays.com\/pt\/wp-json\/wp\/v2\/types\/post"}],"author":[{"embeddable":true,"href":"https:\/\/www.europesays.com\/pt\/wp-json\/wp\/v2\/users\/2"}],"replies":[{"embeddable":true,"href":"https:\/\/www.europesays.com\/pt\/wp-json\/wp\/v2\/comments?post=157970"}],"version-history":[{"count":0,"href":"https:\/\/www.europesays.com\/pt\/wp-json\/wp\/v2\/posts\/157970\/revisions"}],"wp:featuredmedia":[{"embeddable":true,"href":"https:\/\/www.europesays.com\/pt\/wp-json\/wp\/v2\/media\/157971"}],"wp:attachment":[{"href":"https:\/\/www.europesays.com\/pt\/wp-json\/wp\/v2\/media?parent=157970"}],"wp:term":[{"taxonomy":"category","embeddable":true,"href":"https:\/\/www.europesays.com\/pt\/wp-json\/wp\/v2\/categories?post=157970"},{"taxonomy":"post_tag","embeddable":true,"href":"https:\/\/www.europesays.com\/pt\/wp-json\/wp\/v2\/tags?post=157970"}],"curies":[{"name":"wp","href":"https:\/\/api.w.org\/{rel}","templated":true}]}}