{"id":157979,"date":"2025-11-19T18:47:06","date_gmt":"2025-11-19T18:47:06","guid":{"rendered":"https:\/\/www.europesays.com\/pt\/157979\/"},"modified":"2025-11-19T18:47:06","modified_gmt":"2025-11-19T18:47:06","slug":"liga-quer-implementar-ref-cam-em-portugal-observador","status":"publish","type":"post","link":"https:\/\/www.europesays.com\/pt\/157979\/","title":{"rendered":"Liga quer implementar Ref Cam em Portugal \u2013 Observador"},"content":{"rendered":"<p>O fen\u00f3meno vulgarmente conhecido como Ref Cam (Referee Camera), e que passa pela instala\u00e7\u00f5es de c\u00e2maras de v\u00eddeo no equipamento dos \u00e1rbitros, est\u00e1 a caminho do futebol portugu\u00eas, podendo come\u00e7ar por ser implementado nos jogos do Campeonato Nacional ao longo das pr\u00f3ximas semanas. A informa\u00e7\u00e3o foi tornada p\u00fablica pela Liga Portugal, que acrescentou que a medida surge de uma parceria com a sport tv, operador que, a par da BTV e da TVI, transmite os jogos da Primeira Liga.<\/p>\n<p>\u201cA Liga Portugal e a Sport TV pretendem introduzir a Ref Cam (Referee Camera) nos jogos da Primeira Liga. Para o efeito, o organismo que tutela as competi\u00e7\u00f5es profissionais vai desenvolver as dilig\u00eancias necess\u00e1rias junto do Conselho de Arbitragem da Federa\u00e7\u00e3o Portuguesa de Futebol. Seguindo as mais inovadoras pr\u00e1ticas de recolha de imagem, <strong>pretende-se responder \u00e0 inten\u00e7\u00e3o de valorizar o jogo enquanto produto televisivo,<\/strong> continuando a posicionar o futebol portugu\u00eas na vanguarda tecnol\u00f3gica. A utiliza\u00e7\u00e3o de Ref Cams (c\u00e2maras de v\u00eddeo no equipamento dos \u00e1rbitros) enriquece significativamente as transmiss\u00f5es televisivas e come\u00e7a a ser praticada em algumas das principais ligas de futebol\u201d, l\u00ea-se na <a href=\"https:\/\/www.ligaportugal.pt\/noticias\/25932\/liga-portugal-e-sport-tv-pretendem-incluir-camaras-nos-equipamentos-dos-arbitros\" target=\"_blank\" rel=\"noopener nofollow\">nota<\/a> partilhada pelo organismo que tutela o futebol profissional.<\/p>\n<p>Desta forma, a Liga Portugal pretende implementar um recurso que se popularizou um pouco por todo o lado ao longo dos \u00faltimos meses, em particular depois do Campeonato do Mundo de Clubes. Para al\u00e9m dessa competi\u00e7\u00e3o, desportos como o r\u00e2guebi, o futebol americano, o h\u00f3quei no gelo, o h\u00f3quei em campo, o basebol ou a Kings League caracterizam-se pela utiliza\u00e7\u00e3o destas c\u00e2maras.<\/p>\n","protected":false},"excerpt":{"rendered":"O fen\u00f3meno vulgarmente conhecido como Ref Cam (Referee Camera), e que passa pela instala\u00e7\u00f5es de c\u00e2maras de v\u00eddeo&hellip;\n","protected":false},"author":2,"featured_media":157980,"comment_status":"","ping_status":"","sticky":false,"template":"","format":"standard","meta":{"footnotes":""},"categories":[87],"tags":[135,524,10589,33818,715,32,33,58,7397,134,2671],"class_list":{"0":"post-157979","1":"post","2":"type-post","3":"status-publish","4":"format-standard","5":"has-post-thumbnail","7":"category-desporto","8":"tag-desporto","9":"tag-futebol","10":"tag-i-liga-betclic","11":"tag-liga-de-clubes","12":"tag-media","13":"tag-portugal","14":"tag-pt","15":"tag-sociedade","16":"tag-sport-tv","17":"tag-sports","18":"tag-televisu00e3o"},"share_on_mastodon":{"url":"https:\/\/pubeurope.com\/@pt\/115577857183017040","error":""},"_links":{"self":[{"href":"https:\/\/www.europesays.com\/pt\/wp-json\/wp\/v2\/posts\/157979","targetHints":{"allow":["GET"]}}],"collection":[{"href":"https:\/\/www.europesays.com\/pt\/wp-json\/wp\/v2\/posts"}],"about":[{"href":"https:\/\/www.europesays.com\/pt\/wp-json\/wp\/v2\/types\/post"}],"author":[{"embeddable":true,"href":"https:\/\/www.europesays.com\/pt\/wp-json\/wp\/v2\/users\/2"}],"replies":[{"embeddable":true,"href":"https:\/\/www.europesays.com\/pt\/wp-json\/wp\/v2\/comments?post=157979"}],"version-history":[{"count":0,"href":"https:\/\/www.europesays.com\/pt\/wp-json\/wp\/v2\/posts\/157979\/revisions"}],"wp:featuredmedia":[{"embeddable":true,"href":"https:\/\/www.europesays.com\/pt\/wp-json\/wp\/v2\/media\/157980"}],"wp:attachment":[{"href":"https:\/\/www.europesays.com\/pt\/wp-json\/wp\/v2\/media?parent=157979"}],"wp:term":[{"taxonomy":"category","embeddable":true,"href":"https:\/\/www.europesays.com\/pt\/wp-json\/wp\/v2\/categories?post=157979"},{"taxonomy":"post_tag","embeddable":true,"href":"https:\/\/www.europesays.com\/pt\/wp-json\/wp\/v2\/tags?post=157979"}],"curies":[{"name":"wp","href":"https:\/\/api.w.org\/{rel}","templated":true}]}}