{"id":157985,"date":"2025-11-19T18:52:35","date_gmt":"2025-11-19T18:52:35","guid":{"rendered":"https:\/\/www.europesays.com\/pt\/157985\/"},"modified":"2025-11-19T18:52:35","modified_gmt":"2025-11-19T18:52:35","slug":"rua-do-bonjardim-no-porto-eleita-a-terceira-mais-cool-do-mundo","status":"publish","type":"post","link":"https:\/\/www.europesays.com\/pt\/157985\/","title":{"rendered":"Rua do Bonjardim no Porto eleita a terceira mais &#8216;cool&#8217; do mundo"},"content":{"rendered":"<p class=\"category\"><a href=\"https:\/\/sicnoticias.pt\/pais\" rel=\"nofollow noopener\" target=\"_blank\">Pa\u00eds<\/a><\/p>\n<p>Quem o diz \u00e9 a revista TimeOut que coloca a rua do Bonjardim, localizada no centro da cidade do Porto, logo abaixo da Rua do Senado, no Rio de Janeiro, e da Orange street, em Osaka.<\/p>\n<p><img decoding=\"async\" src=\"https:\/\/www.europesays.com\/pt\/wp-content\/uploads\/2025\/11\/1763578355_727_original.webp\" alt=\"Rua do Bonjardim no Porto eleita a terceira mais 'cool' do mundo \"\/><\/p>\n<p>We-Ge<\/p>\n<p><strong>Para conhecer a rua portuguesa a fechar o top 3 das 31 mais &#8216;cool&#8217; do mundo \u00e9 preciso viajar at\u00e9 ao norte do pa\u00eds. \u00c9 l\u00e1 que se localiza a rua do Bonjardim, no centro da cidade do Porto, um s\u00edtio recheado de &#8220;mercearias tradicionais, restaurantes famosos e s\u00edtios divertidos para ficar&#8221;.\u00a0<\/strong><\/p>\n<p>Quem o diz \u00e9 a <a href=\"https:\/\/www.timeout.com\/travel\/coolest-streets-in-the-world-2025\" rel=\"nofollow noopener\" target=\"_blank\">revista TimeOut<\/a> que coloca a rua portuguesa logo abaixo da Rua do Senado, no Rio de Janeiro, e da Orange street, em Osaka. <strong>&#8220;Porta ap\u00f3s porta, neg\u00f3cios novos e antigos d\u00e3o cor e personalidade a esta rua com quase um quil\u00f3metro de extens\u00e3o&#8221;.<\/strong><\/p>\n<p>&#8220;Localizada no centro da cidade, perto de importantes atra\u00e7\u00f5es como o Mercado do Bolh\u00e3o e a Avenida dos Aliados, est\u00e1 numa<strong> zona popular tanto entre turistas quanto entre os portuenses.<\/strong> Mesmo assim, est\u00e1 suficientemente<strong> afastada do caos<\/strong>&#8220;, escreve a revista.<\/p>\n<p>Top 10 das cidades mais &#8216;cool&#8217; do mundo<\/p>\n<ul>\n<li value=\"1\">Rua do Senado, Rio de Janeiro (Brasil)<\/li>\n<li value=\"2\">Orange street, Osaka (Jap\u00e3o)<\/li>\n<li value=\"3\">Rua do Bonjardim, Porto (Portugal)<\/li>\n<li value=\"4\">Fanghua Street, Chengdu (China)<\/li>\n<li value=\"5\">Sherbrooke Street West, Montreal (Canad\u00e1)<\/li>\n<li value=\"6\">Montague Road, Brisbane (Austr\u00e1lia)<\/li>\n<li value=\"7\">Maybachufer, Berlim (Alemanha)<\/li>\n<li value=\"8\">Olympou Street, Tessal\u00f4nica (Gr\u00e9cia)<\/li>\n<li value=\"9\">Orchard Street, Nova Iorque (Estados Unidos da Am\u00e9rica)<\/li>\n<li value=\"10\">V\u0129nh Kh\u00e1nh Street, Cidade de Ho Chi Minh (Vietname)<\/li>\n<\/ul>\n","protected":false},"excerpt":{"rendered":"Pa\u00eds Quem o diz \u00e9 a revista TimeOut que coloca a rua do Bonjardim, localizada no centro da&hellip;\n","protected":false},"author":2,"featured_media":157986,"comment_status":"","ping_status":"","sticky":false,"template":"","format":"standard","meta":{"footnotes":""},"categories":[50],"tags":[27,28,15,16,14,25,26,21,22,62,12,13,19,20,23,24,17,18,29,30,31,63,64,65],"class_list":{"0":"post-157985","1":"post","2":"type-post","3":"status-publish","4":"format-standard","5":"has-post-thumbnail","7":"category-mundo","8":"tag-breaking-news","9":"tag-breakingnews","10":"tag-featured-news","11":"tag-featurednews","12":"tag-headlines","13":"tag-latest-news","14":"tag-latestnews","15":"tag-main-news","16":"tag-mainnews","17":"tag-mundo","18":"tag-news","19":"tag-noticias","20":"tag-noticias-principais","21":"tag-noticiasprincipais","22":"tag-principais-noticias","23":"tag-principaisnoticias","24":"tag-top-stories","25":"tag-topstories","26":"tag-ultimas","27":"tag-ultimas-noticias","28":"tag-ultimasnoticias","29":"tag-world","30":"tag-world-news","31":"tag-worldnews"},"share_on_mastodon":{"url":"https:\/\/pubeurope.com\/@pt\/115577876944321020","error":""},"_links":{"self":[{"href":"https:\/\/www.europesays.com\/pt\/wp-json\/wp\/v2\/posts\/157985","targetHints":{"allow":["GET"]}}],"collection":[{"href":"https:\/\/www.europesays.com\/pt\/wp-json\/wp\/v2\/posts"}],"about":[{"href":"https:\/\/www.europesays.com\/pt\/wp-json\/wp\/v2\/types\/post"}],"author":[{"embeddable":true,"href":"https:\/\/www.europesays.com\/pt\/wp-json\/wp\/v2\/users\/2"}],"replies":[{"embeddable":true,"href":"https:\/\/www.europesays.com\/pt\/wp-json\/wp\/v2\/comments?post=157985"}],"version-history":[{"count":0,"href":"https:\/\/www.europesays.com\/pt\/wp-json\/wp\/v2\/posts\/157985\/revisions"}],"wp:featuredmedia":[{"embeddable":true,"href":"https:\/\/www.europesays.com\/pt\/wp-json\/wp\/v2\/media\/157986"}],"wp:attachment":[{"href":"https:\/\/www.europesays.com\/pt\/wp-json\/wp\/v2\/media?parent=157985"}],"wp:term":[{"taxonomy":"category","embeddable":true,"href":"https:\/\/www.europesays.com\/pt\/wp-json\/wp\/v2\/categories?post=157985"},{"taxonomy":"post_tag","embeddable":true,"href":"https:\/\/www.europesays.com\/pt\/wp-json\/wp\/v2\/tags?post=157985"}],"curies":[{"name":"wp","href":"https:\/\/api.w.org\/{rel}","templated":true}]}}