{"id":157987,"date":"2025-11-19T18:53:10","date_gmt":"2025-11-19T18:53:10","guid":{"rendered":"https:\/\/www.europesays.com\/pt\/157987\/"},"modified":"2025-11-19T18:53:10","modified_gmt":"2025-11-19T18:53:10","slug":"se-for-beber-ao-bairro-alto-lisboa-a-partir-desta-quinta-feira-ha-uma-mudanca-de-sistema","status":"publish","type":"post","link":"https:\/\/www.europesays.com\/pt\/157987\/","title":{"rendered":"Se for beber ao Bairro Alto (Lisboa) a partir desta quinta-feira, h\u00e1 uma mudan\u00e7a de sistema"},"content":{"rendered":"<p>\t                Palavra-chave deste novo sistema: reutilizar<\/p>\n<p>V\u00e1rios bares do Bairro Alto, em Lisboa, acolhem a partir desta quinta-feira a primeira rede de cinco m\u00e1quinas de devolu\u00e7\u00e3o de copos reutiliz\u00e1veis para combater o desperd\u00edcio, anunciou esta ter\u00e7a-feira a empresa TOMRA.<\/p>\n<p>Em comunicado, a AHRESP &#8211; Associa\u00e7\u00e3o da Hotelaria, Restaura\u00e7\u00e3o e Similares de Portugal e a TOMRA, empresa de solu\u00e7\u00f5es para a economia circular, indicam que ap\u00f3s os bons resultados do teste realizado no ver\u00e3o junto dos quiosques do Pr\u00edncipe Real e da Pra\u00e7a de S\u00e3o Paulo, chegou a vez de v\u00e1rios bares do Bairro Alto acolherem o modelo de dep\u00f3sito e devolu\u00e7\u00e3o de copos reutiliz\u00e1veis.<\/p>\n<p>Segundo a TOMRA, os consumidores recebem as suas bebidas em copos reutiliz\u00e1veis, mediante o pagamento de um dep\u00f3sito (0,50 euros) que \u00e9 totalmente reembolsado no momento da devolu\u00e7\u00e3o, bastando encostar o cart\u00e3o ou telem\u00f3vel no ponto de recolha.<\/p>\n<p>A iniciativa, que resulta de uma colabora\u00e7\u00e3o entre a C\u00e2mara de Lisboa, a TOMRA Re\u00fase e a AHRESP &#8211; Associa\u00e7\u00e3o da Hotelaria, Restaura\u00e7\u00e3o e Similares de Portugal, visa combater o desperd\u00edcio de pl\u00e1stico.<\/p>\n<p>Pretende, tamb\u00e9m, reduzir as emiss\u00f5es e introduzir um modelo de reutiliza\u00e7\u00e3o inteligente no setor da restaura\u00e7\u00e3o e vida noturna da cidade.<\/p>\n<p>O \u201csistema \u00e9 alimentado pela tecnologia &#8216;Rotake&#8217; da TOMRA, um modelo completo de reutiliza\u00e7\u00e3o que inclui rastreamento digital, recolha de copos, higieniza\u00e7\u00e3o e redistribui\u00e7\u00e3o\u201d.<\/p>\n<p>A empresa gere todo o ciclo de vida dos copos para garantir efici\u00eancia, higiene e desempenho ambiental e adianta que todas as noites s\u00e3o utilizados cerca de 25.000 copos nas zonas de divers\u00e3o de Lisboa.<\/p>\n<p>\u201cApesar de muitos copos serem vendidos como \u2018reutiliz\u00e1veis\u2019, at\u00e9 agora n\u00e3o existia um sistema que assegurasse a recolha, limpeza e recircula\u00e7\u00e3o eficaz desses recipientes\u201d, acrescenta.<\/p>\n<p>A implementa\u00e7\u00e3o do sistema segue-se \u00e0 regulamenta\u00e7\u00e3o de 2024 da C\u00e2mara de Lisboa que pro\u00edbe o uso de copos de pl\u00e1stico descart\u00e1veis.<\/p>\n<p>O sistema foi apresentado durante a cimeira \u201cLisboa a Reutilizar\u201d, no Museu do Design e da Moda (MUDE).<\/p>\n<p>Em junho foi lan\u00e7ado um projeto-piloto do sistema com duas m\u00e1quinas, uma na Pra\u00e7a do Pr\u00edncipe Real e outra no largo de s\u00e3o Paulo, em Lisboa.<\/p>\n<p>O teste durou 54 dias e foram devolvidos 14 mil copos, ou seja, uma taxa devolu\u00e7\u00e3o de 95%.<\/p>\n<p>O Presidente da C\u00e2mara Municipal de Lisboa, Carlos Moedas, disse, citado em comunicado que, espera que mais s\u00edtios consigam &#8220;tornar a reutiliza\u00e7\u00e3o a nova normalidade&#8221;.<\/p>\n","protected":false},"excerpt":{"rendered":"Palavra-chave deste novo sistema: reutilizar V\u00e1rios bares do Bairro Alto, em Lisboa, acolhem a partir desta quinta-feira a&hellip;\n","protected":false},"author":2,"featured_media":157988,"comment_status":"","ping_status":"","sticky":false,"template":"","format":"standard","meta":{"footnotes":""},"categories":[10],"tags":[609,611,33819,27,28,607,608,604,610,33820,539,15,16,14,603,25,26,570,21,22,606,12,13,19,20,602,32,23,24,33,58,605,17,18,29,30,31],"class_list":{"0":"post-157987","1":"post","2":"type-post","3":"status-publish","4":"format-standard","5":"has-post-thumbnail","7":"category-portugal","8":"tag-alerta","9":"tag-ao-minuto","10":"tag-bairro-alto-lisboa","11":"tag-breaking-news","12":"tag-breakingnews","13":"tag-cnn","14":"tag-cnn-portugal","15":"tag-crime","16":"tag-direto","17":"tag-diversao-noturna","18":"tag-educacao","19":"tag-featured-news","20":"tag-featurednews","21":"tag-headlines","22":"tag-justica","23":"tag-latest-news","24":"tag-latestnews","25":"tag-live","26":"tag-main-news","27":"tag-mainnews","28":"tag-meteorologia","29":"tag-news","30":"tag-noticias","31":"tag-noticias-principais","32":"tag-noticiasprincipais","33":"tag-pais","34":"tag-portugal","35":"tag-principais-noticias","36":"tag-principaisnoticias","37":"tag-pt","38":"tag-sociedade","39":"tag-tempo","40":"tag-top-stories","41":"tag-topstories","42":"tag-ultimas","43":"tag-ultimas-noticias","44":"tag-ultimasnoticias"},"share_on_mastodon":{"url":"","error":"Validation failed: Text character limit of 500 exceeded"},"_links":{"self":[{"href":"https:\/\/www.europesays.com\/pt\/wp-json\/wp\/v2\/posts\/157987","targetHints":{"allow":["GET"]}}],"collection":[{"href":"https:\/\/www.europesays.com\/pt\/wp-json\/wp\/v2\/posts"}],"about":[{"href":"https:\/\/www.europesays.com\/pt\/wp-json\/wp\/v2\/types\/post"}],"author":[{"embeddable":true,"href":"https:\/\/www.europesays.com\/pt\/wp-json\/wp\/v2\/users\/2"}],"replies":[{"embeddable":true,"href":"https:\/\/www.europesays.com\/pt\/wp-json\/wp\/v2\/comments?post=157987"}],"version-history":[{"count":0,"href":"https:\/\/www.europesays.com\/pt\/wp-json\/wp\/v2\/posts\/157987\/revisions"}],"wp:featuredmedia":[{"embeddable":true,"href":"https:\/\/www.europesays.com\/pt\/wp-json\/wp\/v2\/media\/157988"}],"wp:attachment":[{"href":"https:\/\/www.europesays.com\/pt\/wp-json\/wp\/v2\/media?parent=157987"}],"wp:term":[{"taxonomy":"category","embeddable":true,"href":"https:\/\/www.europesays.com\/pt\/wp-json\/wp\/v2\/categories?post=157987"},{"taxonomy":"post_tag","embeddable":true,"href":"https:\/\/www.europesays.com\/pt\/wp-json\/wp\/v2\/tags?post=157987"}],"curies":[{"name":"wp","href":"https:\/\/api.w.org\/{rel}","templated":true}]}}