{"id":157989,"date":"2025-11-19T18:55:14","date_gmt":"2025-11-19T18:55:14","guid":{"rendered":"https:\/\/www.europesays.com\/pt\/157989\/"},"modified":"2025-11-19T18:55:14","modified_gmt":"2025-11-19T18:55:14","slug":"liliana-filipa-da-passo-decisivo-daniel-gregorio-ja-nao-mora-com-a-influencer-e-os-filhos","status":"publish","type":"post","link":"https:\/\/www.europesays.com\/pt\/157989\/","title":{"rendered":"Liliana Filipa &#8211; D\u00e1 passo decisivo! Daniel Greg\u00f3rio j\u00e1 n\u00e3o mora com a influencer e os filhos"},"content":{"rendered":"<p>Todos os sinais indicam que a rela\u00e7\u00e3o de <strong>Liliana Filipa<\/strong> e <strong>Daniel Greg\u00f3rio<\/strong> chegou ao fim. Embora a separa\u00e7\u00e3o ainda n\u00e3o tenha sido explicitamente confirmada (ou desmentida), a verdade \u00e9 que v\u00e1rios \u00edndicios apontam para esse desfecho ap\u00f3s a trai\u00e7\u00e3o do empres\u00e1rio.<\/p>\n<p>Depois <a href=\"https:\/\/www.novagente.pt\/liliana-filipa-quebra-silencio-sobre-traicao-revela-decisao-sobre-relacao\" rel=\"nofollow noopener\" target=\"_blank\">do comunicado<\/a> da influenciadora em que diz que \u201cdecis\u00f5es dif\u00edceis foram tomadas\u201d, e do facto de <a href=\"https:\/\/www.novagente.pt\/liliana-filipa-ja-nao-usa-alianca-de-noivado-mensagem-que-ela-esta-passar-que\" rel=\"nofollow noopener\" target=\"_blank\">j\u00e1 n\u00e3o utilizar o anel de noivado<\/a>, sabe-se agora que <strong>o ex-casal j\u00e1 n\u00e3o vive junto<\/strong>.<\/p>\n<blockquote>\n<p><strong>Leia tamb\u00e9m: Liliana Filipa <\/strong><a href=\"https:\/\/www.novagente.pt\/liliana-filipa-daniel-gregorio-bomba-moradia-de-sonho-que-estao-construir-ja-esta-venda\" rel=\"nofollow noopener\" target=\"_blank\">e Daniel Greg\u00f3rio &#8211; Bomba! Moradia de sonho que est\u00e3o a construir j\u00e1 est\u00e1 \u00e0 venda<\/a><\/p>\n<\/blockquote>\n<p>\u201cLiliana Filipa est\u00e1 decidida a romper todos os la\u00e7os que a unem a Daniel Greg\u00f3rio\u201d, come\u00e7ou por introduzir <strong>Adriano Silva Martins<\/strong> no <strong>V+Fama<\/strong> desta quarta-feira, 19 de novembro.<\/p>\n<p><strong>\u201cSabemos que Daniel j\u00e1 n\u00e3o mora na mesma casa que a influencer e os filhos\u201d<\/strong>, revelou e garantiu ainda que o ex-concorrente da <strong>Casa dos Segredos<\/strong> <strong>\u201csaiu na semana passada de casa\u201d<\/strong>.<\/p>\n<p>No mesmo programa, <strong>Isabel Figueira<\/strong> referiu que quando foi, esta ter\u00e7a-feira, 18, \u201c\u00e0 bomba de Queijas meter gasolina, estava l\u00e1 o Daniel\u201d.<\/p>\n<p>\u00a0<\/p>\n<p>Texto: Carolina Charrua; Fotos: Redes sociais e Impala<\/p>\n<p class=\"intagram-text\">Siga a Nova Gente no Instagram<\/p>\n<p>                        <a href=\"https:\/\/www.instagram.com\/revistanovagente\/\" target=\"_blank\" aria-label=\"instagram\" rel=\"noopener nofollow\"><img decoding=\"async\" style=\"display: block; margin-left: auto; margin-right: auto; width: 250px; height: 83px;\" src=\"https:\/\/www.europesays.com\/pt\/wp-content\/uploads\/2025\/11\/Instagram_NG.png\" alt=\"instagram\"\/><\/a><br \/>\n                    <script async src=\"\/\/www.instagram.com\/embed.js\"><\/script><\/p>\n","protected":false},"excerpt":{"rendered":"Todos os sinais indicam que a rela\u00e7\u00e3o de Liliana Filipa e Daniel Greg\u00f3rio chegou ao fim. Embora a&hellip;\n","protected":false},"author":2,"featured_media":157990,"comment_status":"","ping_status":"","sticky":false,"template":"","format":"standard","meta":{"footnotes":""},"categories":[145],"tags":[8559,2632,211,210,9679,114,115,3436,32,33,1016,1509,1196,162,29406],"class_list":{"0":"post-157989","1":"post","2":"type-post","3":"status-publish","4":"format-standard","5":"has-post-thumbnail","7":"category-celebridades","8":"tag-adriano-silva-martins","9":"tag-casa-dos-segredos","10":"tag-celebridades","11":"tag-celebrities","12":"tag-daniel-gregorio","13":"tag-entertainment","14":"tag-entretenimento","15":"tag-liliana-filipa","16":"tag-portugal","17":"tag-pt","18":"tag-romance","19":"tag-separacao","20":"tag-traicao","21":"tag-tvi","22":"tag-vfama"},"share_on_mastodon":{"url":"https:\/\/pubeurope.com\/@pt\/115577888870894517","error":""},"_links":{"self":[{"href":"https:\/\/www.europesays.com\/pt\/wp-json\/wp\/v2\/posts\/157989","targetHints":{"allow":["GET"]}}],"collection":[{"href":"https:\/\/www.europesays.com\/pt\/wp-json\/wp\/v2\/posts"}],"about":[{"href":"https:\/\/www.europesays.com\/pt\/wp-json\/wp\/v2\/types\/post"}],"author":[{"embeddable":true,"href":"https:\/\/www.europesays.com\/pt\/wp-json\/wp\/v2\/users\/2"}],"replies":[{"embeddable":true,"href":"https:\/\/www.europesays.com\/pt\/wp-json\/wp\/v2\/comments?post=157989"}],"version-history":[{"count":0,"href":"https:\/\/www.europesays.com\/pt\/wp-json\/wp\/v2\/posts\/157989\/revisions"}],"wp:featuredmedia":[{"embeddable":true,"href":"https:\/\/www.europesays.com\/pt\/wp-json\/wp\/v2\/media\/157990"}],"wp:attachment":[{"href":"https:\/\/www.europesays.com\/pt\/wp-json\/wp\/v2\/media?parent=157989"}],"wp:term":[{"taxonomy":"category","embeddable":true,"href":"https:\/\/www.europesays.com\/pt\/wp-json\/wp\/v2\/categories?post=157989"},{"taxonomy":"post_tag","embeddable":true,"href":"https:\/\/www.europesays.com\/pt\/wp-json\/wp\/v2\/tags?post=157989"}],"curies":[{"name":"wp","href":"https:\/\/api.w.org\/{rel}","templated":true}]}}