{"id":157993,"date":"2025-11-19T18:59:15","date_gmt":"2025-11-19T18:59:15","guid":{"rendered":"https:\/\/www.europesays.com\/pt\/157993\/"},"modified":"2025-11-19T18:59:15","modified_gmt":"2025-11-19T18:59:15","slug":"chanceler-alemao-fala-verdades-sobre-belem","status":"publish","type":"post","link":"https:\/\/www.europesays.com\/pt\/157993\/","title":{"rendered":"Chanceler alem\u00e3o fala verdades sobre Bel\u00e9m"},"content":{"rendered":"<p>Em primeiro lugar, o chanceler n\u00e3o falou mal do povo paraense, mas criticou a falta de infraestrutura da cidade para lidar com um evento internacional<\/p>\n<p>                    TOBIAS SCHWARZ \/ AFP<\/p>\n<p>                                            <img decoding=\"async\" class=\"img-responsive type:primaryImage\" src=\"https:\/\/www.europesays.com\/pt\/wp-content\/uploads\/2025\/11\/design-sem-nome-5-6-750x450.png\" alt=\"Chanceler da Alemanha, Friedrich Merz, fez coment\u00e1rios desfavor\u00e1veis sobre Bel\u00e9m (PA) ao relatar sua experi\u00eancia durante a C\u00fapula de L\u00edderes\" id=\"zoom-img\"\/><br \/>\n                                        Chanceler da Alemanha, Friedrich Merz, fez coment\u00e1rios desfavor\u00e1veis sobre Bel\u00e9m (PA) ao relatar sua experi\u00eancia durante a C\u00fapula de L\u00edderes<\/p>\n<p>O chanceler alem\u00e3o, Friedrich Merz, falou a verdade sobre Bel\u00e9m. Merz disse que os alem\u00e3es estavam contentes de ir embora da capital do Par\u00e1. Como o esperado, o governo e a esquerda repudiaram as cr\u00edticas de Merz, rotulando-a de \u201cpreconceituosa\u201d.<\/p>\n<p>Em primeiro lugar, o chanceler n\u00e3o falou mal do povo paraense, mas criticou a falta de infraestrutura da cidade para lidar com um evento internacional. Infelizmente, Bel\u00e9m n\u00e3o \u00e9 exce\u00e7\u00e3o. A maioria das capitais brasileiras \u00e9 caracterizada pela falta de seguran\u00e7a p\u00fablica, prec\u00e1ria infraestrutura de transportes, sujeira, e at\u00e9 problemas de saneamento b\u00e1sico em regi\u00f5es mais pobres.<\/p>\n<p>\u00c9 muito romantismo do presidente Lula acreditar que delega\u00e7\u00f5es de pa\u00edses de primeiro mundo n\u00e3o v\u00e3o se incomodar com esses problemas, se rendendo \u00e0 simpatia do povo brasileiro. No mundo real, em eventos deste porte, os visitantes querem seguran\u00e7a, boa infraestrutura de hot\u00e9is e restaurantes e seguran\u00e7a.<\/p>\n<p>Em segundo lugar, o chanceler alem\u00e3o n\u00e3o falou nenhuma mentira. No entanto, hoje, diante da ditadura do politicamente correto, qualquer cr\u00edtica j\u00e1 \u00e9 entendida como um \u201cataque\u201d ou uma \u201cfala preconceituosa\u201d.<\/p>\n<p>Talvez, esperava-se que, no campo pol\u00edtico- diplom\u00e1tico, houvesse uma maior polidez do chanceler alem\u00e3o. Podem at\u00e9 falar que ele n\u00e3o foi educado, mas certamente foi honesto. Doeu para o governo, porque falou a verdade sobre um evento que n\u00e3o poderia ter acontecido em Bel\u00e9m.<\/p>\n<p><strong>*Esse texto n\u00e3o reflete, necessariamente, a opini\u00e3o da Jovem Pan.<\/strong><\/p>\n","protected":false},"excerpt":{"rendered":"Em primeiro lugar, o chanceler n\u00e3o falou mal do povo paraense, mas criticou a falta de infraestrutura da&hellip;\n","protected":false},"author":2,"featured_media":157994,"comment_status":"","ping_status":"","sticky":false,"template":"","format":"standard","meta":{"footnotes":""},"categories":[141],"tags":[114,115,149,150,32,33],"class_list":{"0":"post-157993","1":"post","2":"type-post","3":"status-publish","4":"format-standard","5":"has-post-thumbnail","7":"category-musica","8":"tag-entertainment","9":"tag-entretenimento","10":"tag-music","11":"tag-musica","12":"tag-portugal","13":"tag-pt"},"share_on_mastodon":{"url":"https:\/\/pubeurope.com\/@pt\/115577904867812185","error":""},"_links":{"self":[{"href":"https:\/\/www.europesays.com\/pt\/wp-json\/wp\/v2\/posts\/157993","targetHints":{"allow":["GET"]}}],"collection":[{"href":"https:\/\/www.europesays.com\/pt\/wp-json\/wp\/v2\/posts"}],"about":[{"href":"https:\/\/www.europesays.com\/pt\/wp-json\/wp\/v2\/types\/post"}],"author":[{"embeddable":true,"href":"https:\/\/www.europesays.com\/pt\/wp-json\/wp\/v2\/users\/2"}],"replies":[{"embeddable":true,"href":"https:\/\/www.europesays.com\/pt\/wp-json\/wp\/v2\/comments?post=157993"}],"version-history":[{"count":0,"href":"https:\/\/www.europesays.com\/pt\/wp-json\/wp\/v2\/posts\/157993\/revisions"}],"wp:featuredmedia":[{"embeddable":true,"href":"https:\/\/www.europesays.com\/pt\/wp-json\/wp\/v2\/media\/157994"}],"wp:attachment":[{"href":"https:\/\/www.europesays.com\/pt\/wp-json\/wp\/v2\/media?parent=157993"}],"wp:term":[{"taxonomy":"category","embeddable":true,"href":"https:\/\/www.europesays.com\/pt\/wp-json\/wp\/v2\/categories?post=157993"},{"taxonomy":"post_tag","embeddable":true,"href":"https:\/\/www.europesays.com\/pt\/wp-json\/wp\/v2\/tags?post=157993"}],"curies":[{"name":"wp","href":"https:\/\/api.w.org\/{rel}","templated":true}]}}