{"id":157995,"date":"2025-11-19T19:00:13","date_gmt":"2025-11-19T19:00:13","guid":{"rendered":"https:\/\/www.europesays.com\/pt\/157995\/"},"modified":"2025-11-19T19:00:13","modified_gmt":"2025-11-19T19:00:13","slug":"a-empregada-filme-com-sydney-sweeney-e-amanda-seyfried-ganha-trailer","status":"publish","type":"post","link":"https:\/\/www.europesays.com\/pt\/157995\/","title":{"rendered":"A Empregada | Filme com Sydney Sweeney e Amanda Seyfried ganha trailer"},"content":{"rendered":"<p>A Empregada | Filme com Sydney Sweeney e Amanda Seyfried ganha trailer<\/p>\n<p>\n      Filme chega aos cinemas em janeiro de 2026\n    <\/p>\n<p>      <img decoding=\"async\" class=\"reading-time__icon\" src=\"https:\/\/cdn.ome.lt\/static\/omelete25\/img\/clock-icon.svg\" alt=\"Omelete\"\/><\/p>\n<p>\n        1 min de leitura\n      <\/p>\n<p>            <img loading=\"lazy\" decoding=\"async\" class=\"action-buttons__icon\" src=\"https:\/\/cdn.ome.lt\/static\/omelete25\/img\/share-icon.svg\" alt=\"\u00cdcone compartilhamento\" width=\"24\" height=\"24\"\/><\/p>\n<p>        Compartilhar<\/p>\n<p>  <img decoding=\"async\" src=\"https:\/\/cdn.ome.lt\/static\/omelete\/img\/loading.svg\" alt=\"\"\/><\/p>\n<p>  <img decoding=\"async\" class=\"article__cover__image\" data-lazy-src-mob=\"\/\/cdn.ome.lt\/7WM2BBYEspY0SoxWec7-HWnJsfw=\/570x0\/smart\/filters:format(webp)\/uploads\/conteudo\/fotos\/OMELETE_CAPA_-_2025-11-19T133903.669.webp\" data-lazy-src=\"https:\/\/cdn.ome.lt\/uXtzTqHLzGx-CwUKyXkFGfzAZ50=\/987x0\/smart\/filters:format(webp)\/uploads\/conteudo\/fotos\/OMELETE_CAPA_-_2025-11-19T133903.669.webp\" src=\"data:image\/png;base64,iVBORw0KGgoAAAANSUhEUgAAAAEAAAABCAQAAAC1HAwCAAAAC0lEQVR42mNkYAAAAAYAAjCB0C8AAAAASUVORK5CYII=\" alt=\"A Empregada | Filme com Sydney Sweeney e Amanda Seyfried ganha cena in\u00e9dita\" title=\"None\" width=\"987\" height=\"555\" fetchpriority=\"high\"\/><\/p>\n<p><strong>A Empregada<\/strong>,\u00a0novo filme estrelado por\u00a0<strong>Sydney Sweeney\u00a0<\/strong>e\u00a0<strong>Amanda Seyfried<\/strong>, acaba de ter uma cena in\u00e9dita revelada. Veja a seguir!<\/p>\n<p>            Continua depois da Publicidade<\/p>\n<p>    Tudo sobre A Empregada<\/p>\n<p>O longa \u00e9 estrelado por <strong>Sydney Sweeney\u00a0<\/strong>e\u00a0<strong>Amanda Seyfried<\/strong>. Sweeney interpreta Millie, uma mulher batalhadora que fica aliviada por ter a chance de novo come\u00e7o como empregada dom\u00e9stica de Nina (Seyfried) e Andrew (<strong>Brandon Sklenar<\/strong>), um casal de alta classe. Ela logo descobre que os segredos da fam\u00edlia s\u00e3o muito mais perigosos do que os dela.<\/p>\n<p>A dire\u00e7\u00e3o \u00e9 de <strong>Paul Feig<\/strong>, e o\u00a0roteiro ser\u00e1 adaptado da obra de Freida McFadden por\u00a0<strong>Rebecca Sonnenshine<\/strong>.<\/p>\n<p data-gtm-vis-first-on-screen67967661_30=\"9788\" data-gtm-vis-has-fired67967661_30=\"1\" data-gtm-vis-total-visible-time67967661_30=\"100\">A Empregada\u00a0ter\u00e1 sess\u00f5es antecipadas em\u00a0<strong>19 de dezembro<\/strong>, e estreia oficialmente nos cinemas em\u00a0<strong>1\u00ba de janeiro\u00a0<\/strong><strong>de 2026<\/strong>.<\/p>\n<p>            Continua depois da Publicidade<\/p>\n<p>          Omelete Recomenda<\/p>\n<p class=\"lgpd__text\">\n      Ao continuar navegando, declaro que estou ciente e concordo com a nossa<br \/>\n      <a class=\"lgpd__link\" href=\"https:\/\/www.omeletecompany.com\/politica-privacidade\" target=\"_blank\" rel=\"nofollow noopener\">Pol\u00edtica de Privacidade<\/a><br \/>\n      bem como manifesto o consentimento quanto ao fornecimento e tratamento dos dados e cookies para as finalidades ali<br \/>\n      constantes.\n    <\/p>\n<p>    Aceitar<\/p>\n","protected":false},"excerpt":{"rendered":"A Empregada | Filme com Sydney Sweeney e Amanda Seyfried ganha trailer Filme chega aos cinemas em janeiro&hellip;\n","protected":false},"author":2,"featured_media":157996,"comment_status":"","ping_status":"","sticky":false,"template":"","format":"standard","meta":{"footnotes":""},"categories":[140],"tags":[114,115,147,148,146,32,33],"class_list":{"0":"post-157995","1":"post","2":"type-post","3":"status-publish","4":"format-standard","5":"has-post-thumbnail","7":"category-filmes","8":"tag-entertainment","9":"tag-entretenimento","10":"tag-film","11":"tag-filmes","12":"tag-movies","13":"tag-portugal","14":"tag-pt"},"share_on_mastodon":{"url":"https:\/\/pubeurope.com\/@pt\/115577908612692044","error":""},"_links":{"self":[{"href":"https:\/\/www.europesays.com\/pt\/wp-json\/wp\/v2\/posts\/157995","targetHints":{"allow":["GET"]}}],"collection":[{"href":"https:\/\/www.europesays.com\/pt\/wp-json\/wp\/v2\/posts"}],"about":[{"href":"https:\/\/www.europesays.com\/pt\/wp-json\/wp\/v2\/types\/post"}],"author":[{"embeddable":true,"href":"https:\/\/www.europesays.com\/pt\/wp-json\/wp\/v2\/users\/2"}],"replies":[{"embeddable":true,"href":"https:\/\/www.europesays.com\/pt\/wp-json\/wp\/v2\/comments?post=157995"}],"version-history":[{"count":0,"href":"https:\/\/www.europesays.com\/pt\/wp-json\/wp\/v2\/posts\/157995\/revisions"}],"wp:featuredmedia":[{"embeddable":true,"href":"https:\/\/www.europesays.com\/pt\/wp-json\/wp\/v2\/media\/157996"}],"wp:attachment":[{"href":"https:\/\/www.europesays.com\/pt\/wp-json\/wp\/v2\/media?parent=157995"}],"wp:term":[{"taxonomy":"category","embeddable":true,"href":"https:\/\/www.europesays.com\/pt\/wp-json\/wp\/v2\/categories?post=157995"},{"taxonomy":"post_tag","embeddable":true,"href":"https:\/\/www.europesays.com\/pt\/wp-json\/wp\/v2\/tags?post=157995"}],"curies":[{"name":"wp","href":"https:\/\/api.w.org\/{rel}","templated":true}]}}