{"id":157999,"date":"2025-11-19T19:03:08","date_gmt":"2025-11-19T19:03:08","guid":{"rendered":"https:\/\/www.europesays.com\/pt\/157999\/"},"modified":"2025-11-19T19:03:08","modified_gmt":"2025-11-19T19:03:08","slug":"queria-fama-e-viveu-61-dias-num-caixao-mas-acabou-sem-dinheiro-para-um-pacote-de-leite","status":"publish","type":"post","link":"https:\/\/www.europesays.com\/pt\/157999\/","title":{"rendered":"Queria fama e viveu 61 dias num caix\u00e3o, mas acabou &#8220;sem dinheiro para um pacote de leite&#8221;"},"content":{"rendered":"<p data-remotead-prev-elm=\"true\" data-remotead-elm-id=\"inread\">O ins\u00f3lito nasceu da vontade de Mick Meaney de superar o recorde mundial de perman\u00eancia, em vida, num caix\u00e3o, detido, at\u00e9 \u00e0 data, pelo texano Bill White, conhecido como &#8220;cad\u00e1ver ambulante&#8221;.<\/p>\n<p>Motivado por dificuldades financeiras e ap\u00f3s ver o sonho de ser campe\u00e3o de boxe destru\u00eddo na sequ\u00eancia de um acidente, o oper\u00e1rio, de 33 anos, acreditava que, se alcan\u00e7asse o feito hist\u00f3rico, o seu futuro mudaria.<\/p>\n<p>Assim, a 21 de fevereiro de 1968, foi enterrado, na vala de um estaleiro, num caix\u00e3o com 1.90 metros de comprimento e 76 cent\u00edmetros de largura, forrado com espuma e equipado com um tubo para a entrada de ar e alimentos, seguido em prociss\u00e3o por curiosos e pelos m\u00e9dia.<\/p>\n<p data-remotead-prev-elm=\"true\" data-remotead-elm-id=\"centro1\">O caix\u00e3o tinha uma linha telef\u00f3nica para garantir o contacto com o exterior, bem como um al\u00e7ap\u00e3o que servia de casa de banho. A rotina de Mick Meaney consistia em acordar \u00e0s 7 horas, fazer exerc\u00edcio, ler e conversar atrav\u00e9s do telefone.<\/p>\n<p>Um recorde esquecido<\/p>\n<p>Ap\u00f3s 61 dias, a 22 de abril, Meaney bateu o recorde e foi retirado do caix\u00e3o. No entanto, como o feito coincidiu com alguns dos grandes acontecimentos do s\u00e9culo, como a Guerra do Vietname e o assassinato de Martin Luther King Jr, a aten\u00e7\u00e3o dos meios de comunica\u00e7\u00e3o social j\u00e1 havia diminu\u00eddo. Embora tenha sido aplaudido, a fortuna prometida nunca chegou.<\/p>\n<p>Os patroc\u00ednios promissores, como um acordo com a Gillette, desapareceram e a digress\u00e3o mundial que lhe foi prometida n\u00e3o se concretizou. Al\u00e9m disso, o organizador do desafio, Michael &#8220;Butty&#8221; Sugrue, ficou com os lucros e nenhum representante do livro dos recordes do Guinness registou o feito.<\/p>\n<p data-remotead-prev-elm=\"true\" data-remotead-elm-id=\"centro2\">Mick Meaney voltou para casa de m\u00e3os vazias, &#8220;sem dinheiro para um pacote de leite&#8221;, ficando apenas com um recorde n\u00e3o oficializado e quebrado, nesse mesmo ano, por uma ex-freira, enterrada durante 101 dias em Skegness.<\/p>\n<p>Testemunhos da filha<\/p>\n<p>A proeza e o que se seguiu v\u00e3o ser agora contados num document\u00e1rio do realizador Daire Collins, que ser\u00e1 exibido no canal de televis\u00e3o irland\u00eas TG4 a 26 de novembro, reunindo imagens de arquivo e entrevistas a familiares e amigos de Meaney.<\/p>\n<p>&#8220;O meu pai era um orgulhoso homem de Tipperary. Um dos muitos irlandeses, chamados irlandeses esquecidos, que l\u00e1 trabalhavam de p\u00e1 e picareta para enviar dinheiro \u00e0s suas fam\u00edlias. Eram tempos dif\u00edceis&#8221;, recorda Mary, filha de Meaney, no document\u00e1rio.<\/p>\n","protected":false},"excerpt":{"rendered":"O ins\u00f3lito nasceu da vontade de Mick Meaney de superar o recorde mundial de perman\u00eancia, em vida, num&hellip;\n","protected":false},"author":2,"featured_media":158000,"comment_status":"","ping_status":"","sticky":false,"template":"","format":"standard","meta":{"footnotes":""},"categories":[85],"tags":[114,115,33821,9852,62,32,33,3720],"class_list":{"0":"post-157999","1":"post","2":"type-post","3":"status-publish","4":"format-standard","5":"has-post-thumbnail","7":"category-entretenimento","8":"tag-entertainment","9":"tag-entretenimento","10":"tag-guiness","11":"tag-irlanda","12":"tag-mundo","13":"tag-portugal","14":"tag-pt","15":"tag-recorde"},"share_on_mastodon":{"url":"https:\/\/pubeurope.com\/@pt\/115577920349104583","error":""},"_links":{"self":[{"href":"https:\/\/www.europesays.com\/pt\/wp-json\/wp\/v2\/posts\/157999","targetHints":{"allow":["GET"]}}],"collection":[{"href":"https:\/\/www.europesays.com\/pt\/wp-json\/wp\/v2\/posts"}],"about":[{"href":"https:\/\/www.europesays.com\/pt\/wp-json\/wp\/v2\/types\/post"}],"author":[{"embeddable":true,"href":"https:\/\/www.europesays.com\/pt\/wp-json\/wp\/v2\/users\/2"}],"replies":[{"embeddable":true,"href":"https:\/\/www.europesays.com\/pt\/wp-json\/wp\/v2\/comments?post=157999"}],"version-history":[{"count":0,"href":"https:\/\/www.europesays.com\/pt\/wp-json\/wp\/v2\/posts\/157999\/revisions"}],"wp:featuredmedia":[{"embeddable":true,"href":"https:\/\/www.europesays.com\/pt\/wp-json\/wp\/v2\/media\/158000"}],"wp:attachment":[{"href":"https:\/\/www.europesays.com\/pt\/wp-json\/wp\/v2\/media?parent=157999"}],"wp:term":[{"taxonomy":"category","embeddable":true,"href":"https:\/\/www.europesays.com\/pt\/wp-json\/wp\/v2\/categories?post=157999"},{"taxonomy":"post_tag","embeddable":true,"href":"https:\/\/www.europesays.com\/pt\/wp-json\/wp\/v2\/tags?post=157999"}],"curies":[{"name":"wp","href":"https:\/\/api.w.org\/{rel}","templated":true}]}}