{"id":158006,"date":"2025-11-19T19:11:32","date_gmt":"2025-11-19T19:11:32","guid":{"rendered":"https:\/\/www.europesays.com\/pt\/158006\/"},"modified":"2025-11-19T19:11:32","modified_gmt":"2025-11-19T19:11:32","slug":"eram-mais-chefes-que-indios-menezes-reorganiza-empresa-aguas-de-gaia","status":"publish","type":"post","link":"https:\/\/www.europesays.com\/pt\/158006\/","title":{"rendered":"&#8220;Eram mais chefes que \u00edndios&#8221;: Menezes reorganiza empresa \u00c1guas de Gaia"},"content":{"rendered":"<p data-remotead-prev-elm=\"true\" data-remotead-elm-id=\"inread\">&#8220;Eram mais chefes que \u00edndios. Bom, em 48 horas pass\u00e1mos de 40 chefes para quatro ou cinco, isso significa, por um lado, conten\u00e7\u00e3o de custos, mas tamb\u00e9m mais efici\u00eancia na gest\u00e3o&#8221;, afirmou o presidente da autarquia, que convidou Po\u00e7as Martins, no \u00e2mbito de um contrato de consultadoria de um ano, para refor\u00e7ar a administra\u00e7\u00e3o, liderada por Fernando Barbosa, na elabora\u00e7\u00e3o de um projeto de reabilita\u00e7\u00e3o da empresa e coloc\u00e1-la, de novo, como &#8220;a melhor empresa municipal do pa\u00eds&#8221;.<\/p>\n<p>Lu\u00eds Filipe Menezes falava aos jornalistas no final de um confer\u00eancia de imprensa destinada a dar a conhecer o levantamento realizado na \u00c1guas de Gaia, nomeadamente ao n\u00edvel da situa\u00e7\u00e3o financeira, que o autarca disse ser &#8220;m\u00e1&#8221;.<\/p>\n<p>&#8220;Quando a empresa vive de um subs\u00eddio anual da c\u00e2mara de oito milh\u00f5es de euros e tem passivo financeiro banc\u00e1rio de perto de 30 milh\u00f5es, n\u00e3o pode estar a fazer sedes novas de 12 milh\u00f5es de euros e, ao mesmo tempo, ter os trabalhadores mais humildes em contentores espalhados pelo concelho, como em Vilar de Andorinho e Avintes&#8221;, disse o autarca.<\/p>\n<p data-remotead-prev-elm=\"true\" data-remotead-elm-id=\"centro1\">Menezes, que regressou \u00e0 C\u00e2mara de Gaia, depois de vencer as \u00faltimas elei\u00e7\u00f5es aut\u00e1rquicas pelo PSD, salientou que, &#8220;talvez daqui a pouco tempo, dois, tr\u00eas meses no m\u00e1ximo, haja condi\u00e7\u00f5es para caminhar no sentido de poupan\u00e7as&#8221;.<\/p>\n<p>&#8220;Quando estivermos em condi\u00e7\u00f5es de lan\u00e7ar um novo concurso para a recolha de res\u00edduos s\u00f3lidos urbanos, talvez possamos dar uma indica\u00e7\u00e3o de podermos caminhar no sentido de poupan\u00e7as, para mudarmos a filosofia de toda a gest\u00e3o&#8221;, salientou o autarca, sem querer comprometer-se com um prazo para a eventual descida dos pre\u00e7os praticados atualmente pela \u00c1guas de Gaia.<\/p>\n<p>&#8220;Aumento exponencial nos gastos&#8221;<\/p>\n<p>Menezes lembrou que, no seu anterior mandato, antes de ser substitu\u00eddo em 2013 por Eduardo V\u00edtor Rodrigues, do PS, a empresa municipal encontrava-se &#8220;muito equilibrada e lucrativa, fazendo, at\u00e9, obras que transcendiam o tradicional de uma empresa de \u00e1guas&#8221;, como estradas e passadi\u00e7os.<\/p>\n<p data-remotead-prev-elm=\"true\" data-remotead-elm-id=\"centro2\">Fazendo a compara\u00e7\u00e3o com a empresa que deixou e a que agora voltou a assumir, o autarca disse que atualmente a empresa que, no seu mandato, &#8220;dava lucro passou a depender, na sua exist\u00eancia, de um subs\u00eddio anual da c\u00e2mara&#8221;.<\/p>\n<p>&#8220;Por outro lado, as tarifas s\u00e3o muito altas e est\u00e1 demonstrado que vai ter que se fazer um enorme esfor\u00e7o para as conseguir baixar&#8221;, afirmou.<\/p>\n<p>H\u00e1, segundo o autarca &#8220;um aumento exponencial nos gastos desde 2020 at\u00e9 2025. Em cinco ou seis anos, daquilo que se paga aos prestadores de servi\u00e7os \u00e0 c\u00e2mara, \u00e0 SUMA, \u00e0 SULDOURO, \u00e0 SIMDOURO [empresas de gest\u00e3o, tratamento e valoriza\u00e7\u00e3o de res\u00edduos, limpeza urbana e gest\u00e3o de saneamento], tiveram aumentos que chegam a atingir os 350%&#8221;.<\/p>\n<p data-remotead-prev-elm=\"true\" data-remotead-elm-id=\"centro3\">&#8220;Isso tem que ter uma explica\u00e7\u00e3o. Se esses aumentos n\u00e3o tivessem existido e os milh\u00f5es de euros que se pagam a essas tr\u00eas institui\u00e7\u00f5es que s\u00e3o, digamos, institui\u00e7\u00f5es externas a quem se pagam servi\u00e7os, se calhar as taxas que os gaienses estariam a pagar, quer de \u00e1gua, quer de saneamento, quer de res\u00edduos de s\u00f3lidos urbanos, seriam muito menores&#8221;, considerou.<\/p>\n<p>O autarca social-democrata disse ficar &#8220;espantado que ningu\u00e9m fique indignado quando se lan\u00e7a um concurso de 510 milh\u00f5es de euros, que ia custar 50 milh\u00f5es de euros por ano, e que ia obrigar os gaienses a pagar, porventura, 150 ou 200 ou 250 euros por m\u00eas de res\u00edduos&#8221;.<\/p>\n<p>&#8220;N\u00f3s temos t\u00e9cnicos reputados do pa\u00eds que j\u00e1 analisaram este concurso e dizem que aqueles servi\u00e7os que ali s\u00e3o encomendados n\u00e3o custariam mais do que 20 a 22 milh\u00f5es de euros&#8221;, garantiu.<\/p>\n<p data-remotead-prev-elm=\"true\" data-remotead-elm-id=\"centro4\">&#8220;Eu acredito no milagre do engenheiro Po\u00e7as Martins [que apelidou de Cristino Ronaldo nestas quest\u00f5es] e na possibilidade de, em alguns meses, poder come\u00e7ar a dar boas not\u00edcias&#8221;, frisou.<\/p>\n<p>Tamb\u00e9m em declara\u00e7\u00f5es aos jornalistas, Po\u00e7as Martins, que apresenta um longo curr\u00edculo na \u00e1rea da gest\u00e3o das \u00e1guas, saneamento e ambiente, explicou que o que ser\u00e1 feito nos pr\u00f3ximos tempos &#8220;j\u00e1 est\u00e1 perfeitamente definido&#8221;.<\/p>\n<p>&#8220;Os custos v\u00e3o ser reduzidos, vamos rever a situa\u00e7\u00e3o da sede, portanto, vamos prestar o servi\u00e7o de melhor qualidade, a custos muito mais baixos, vamos acabar com a &#8216;mesada&#8217; e vamos procurar baixar as tarifas logo que poss\u00edvel&#8221;, afirmou.<\/p>\n<p>Em rela\u00e7\u00e3o aos trabalhadores, por exemplo, &#8220;vamos procurar, com aquilo que poupamos, melhorar a sua situa\u00e7\u00e3o, j\u00e1 que s\u00e3o eles que d\u00e3o o litro no terreno a resolver as coisas e s\u00e3o os que ganham menos&#8221;.<\/p>\n","protected":false},"excerpt":{"rendered":"&#8220;Eram mais chefes que \u00edndios. Bom, em 48 horas pass\u00e1mos de 40 chefes para quatro ou cinco, isso&hellip;\n","protected":false},"author":2,"featured_media":158007,"comment_status":"","ping_status":"","sticky":false,"template":"","format":"standard","meta":{"footnotes":""},"categories":[8],"tags":[27,28,19635,15,16,14,25,26,18857,21,22,12,13,19,20,32,23,24,33,33822,17,18,29,30,31],"class_list":{"0":"post-158006","1":"post","2":"type-post","3":"status-publish","4":"format-standard","5":"has-post-thumbnail","7":"category-principais-noticias","8":"tag-breaking-news","9":"tag-breakingnews","10":"tag-concelho-vila-nova-de-gaia","11":"tag-featured-news","12":"tag-featurednews","13":"tag-headlines","14":"tag-latest-news","15":"tag-latestnews","16":"tag-luis-filipe-menezes","17":"tag-main-news","18":"tag-mainnews","19":"tag-news","20":"tag-noticias","21":"tag-noticias-principais","22":"tag-noticiasprincipais","23":"tag-portugal","24":"tag-principais-noticias","25":"tag-principaisnoticias","26":"tag-pt","27":"tag-recolha-de-residuos","28":"tag-top-stories","29":"tag-topstories","30":"tag-ultimas","31":"tag-ultimas-noticias","32":"tag-ultimasnoticias"},"share_on_mastodon":{"url":"https:\/\/pubeurope.com\/@pt\/115577951781846207","error":""},"_links":{"self":[{"href":"https:\/\/www.europesays.com\/pt\/wp-json\/wp\/v2\/posts\/158006","targetHints":{"allow":["GET"]}}],"collection":[{"href":"https:\/\/www.europesays.com\/pt\/wp-json\/wp\/v2\/posts"}],"about":[{"href":"https:\/\/www.europesays.com\/pt\/wp-json\/wp\/v2\/types\/post"}],"author":[{"embeddable":true,"href":"https:\/\/www.europesays.com\/pt\/wp-json\/wp\/v2\/users\/2"}],"replies":[{"embeddable":true,"href":"https:\/\/www.europesays.com\/pt\/wp-json\/wp\/v2\/comments?post=158006"}],"version-history":[{"count":0,"href":"https:\/\/www.europesays.com\/pt\/wp-json\/wp\/v2\/posts\/158006\/revisions"}],"wp:featuredmedia":[{"embeddable":true,"href":"https:\/\/www.europesays.com\/pt\/wp-json\/wp\/v2\/media\/158007"}],"wp:attachment":[{"href":"https:\/\/www.europesays.com\/pt\/wp-json\/wp\/v2\/media?parent=158006"}],"wp:term":[{"taxonomy":"category","embeddable":true,"href":"https:\/\/www.europesays.com\/pt\/wp-json\/wp\/v2\/categories?post=158006"},{"taxonomy":"post_tag","embeddable":true,"href":"https:\/\/www.europesays.com\/pt\/wp-json\/wp\/v2\/tags?post=158006"}],"curies":[{"name":"wp","href":"https:\/\/api.w.org\/{rel}","templated":true}]}}