{"id":158020,"date":"2025-11-19T19:24:12","date_gmt":"2025-11-19T19:24:12","guid":{"rendered":"https:\/\/www.europesays.com\/pt\/158020\/"},"modified":"2025-11-19T19:24:12","modified_gmt":"2025-11-19T19:24:12","slug":"greve-cancela-todos-os-voos-com-partida-do-aeroporto-de-bruxelas-a-26-de-novembro","status":"publish","type":"post","link":"https:\/\/www.europesays.com\/pt\/158020\/","title":{"rendered":"Greve cancela todos os voos com partida do aeroporto de Bruxelas a 26 de novembro"},"content":{"rendered":"<p data-remotead-prev-elm=\"true\" data-remotead-elm-id=\"inread\">&#8220;Devido \u00e0 a\u00e7\u00e3o sindical nacional de quarta-feira, 26 de novembro, na qual participar\u00e3o os funcion\u00e1rios da empresa prestadora de servi\u00e7os de seguran\u00e7a e assist\u00eancia, o Aeroporto de Bruxelas prev\u00ea, infelizmente, interrup\u00e7\u00f5es significativas nas opera\u00e7\u00f5es aeroportu\u00e1rias nesse dia&#8221;, informou, no seu site, o principal aeroporto internacional da B\u00e9lgica, localizado em Zaventem, a 12 quil\u00f3metros da capital Bruxelas.<\/p>\n<p>Depois de discutir o assunto com as companhias a\u00e9reas, a operadora log\u00edstica decidiu &#8220;n\u00e3o operar voos de passageiros com partida a 26 de novembro&#8221;, prevendo ainda que &#8220;alguns voos de chegada tamb\u00e9m poder\u00e3o ser cancelados&#8221;.<\/p>\n<p>J\u00e1 a mobiliza\u00e7\u00e3o convocada nos dias anteriores n\u00e3o ter\u00e1 impacto no funcionamento do aeroporto.<\/p>\n<p data-remotead-prev-elm=\"true\" data-remotead-elm-id=\"centro1\">No domingo, 23 de novembro, os sindicatos v\u00e3o organizar um &#8220;dia de a\u00e7\u00e3o&#8221; contra a viol\u00eancia contra as mulheres.<\/p>\n<p>Nos dias 24 e 25, os sindicatos planeiam paralisar, respetivamente, os transportes e os servi\u00e7os p\u00fablicos, para aumentar progressivamente a press\u00e3o at\u00e9 \u00e0 greve nacional de dia 26 contra o Governo, que pretende reformar o sistema de seguran\u00e7a social e pondera congelar a indexa\u00e7\u00e3o autom\u00e1tica dos sal\u00e1rios, entre outras medidas para reduzir o d\u00e9fice.<\/p>\n","protected":false},"excerpt":{"rendered":"&#8220;Devido \u00e0 a\u00e7\u00e3o sindical nacional de quarta-feira, 26 de novembro, na qual participar\u00e3o os funcion\u00e1rios da empresa prestadora&hellip;\n","protected":false},"author":2,"featured_media":158021,"comment_status":"","ping_status":"","sticky":false,"template":"","format":"standard","meta":{"footnotes":""},"categories":[50],"tags":[322,27,28,1835,15,16,1322,14,25,26,21,22,62,12,13,19,20,23,24,17,18,29,30,31,1813,63,64,65],"class_list":{"0":"post-158020","1":"post","2":"type-post","3":"status-publish","4":"format-standard","5":"has-post-thumbnail","7":"category-mundo","8":"tag-aeroporto","9":"tag-breaking-news","10":"tag-breakingnews","11":"tag-bruxelas","12":"tag-featured-news","13":"tag-featurednews","14":"tag-greve","15":"tag-headlines","16":"tag-latest-news","17":"tag-latestnews","18":"tag-main-news","19":"tag-mainnews","20":"tag-mundo","21":"tag-news","22":"tag-noticias","23":"tag-noticias-principais","24":"tag-noticiasprincipais","25":"tag-principais-noticias","26":"tag-principaisnoticias","27":"tag-top-stories","28":"tag-topstories","29":"tag-ultimas","30":"tag-ultimas-noticias","31":"tag-ultimasnoticias","32":"tag-voos","33":"tag-world","34":"tag-world-news","35":"tag-worldnews"},"share_on_mastodon":{"url":"https:\/\/pubeurope.com\/@pt\/115578002629225213","error":""},"_links":{"self":[{"href":"https:\/\/www.europesays.com\/pt\/wp-json\/wp\/v2\/posts\/158020","targetHints":{"allow":["GET"]}}],"collection":[{"href":"https:\/\/www.europesays.com\/pt\/wp-json\/wp\/v2\/posts"}],"about":[{"href":"https:\/\/www.europesays.com\/pt\/wp-json\/wp\/v2\/types\/post"}],"author":[{"embeddable":true,"href":"https:\/\/www.europesays.com\/pt\/wp-json\/wp\/v2\/users\/2"}],"replies":[{"embeddable":true,"href":"https:\/\/www.europesays.com\/pt\/wp-json\/wp\/v2\/comments?post=158020"}],"version-history":[{"count":0,"href":"https:\/\/www.europesays.com\/pt\/wp-json\/wp\/v2\/posts\/158020\/revisions"}],"wp:featuredmedia":[{"embeddable":true,"href":"https:\/\/www.europesays.com\/pt\/wp-json\/wp\/v2\/media\/158021"}],"wp:attachment":[{"href":"https:\/\/www.europesays.com\/pt\/wp-json\/wp\/v2\/media?parent=158020"}],"wp:term":[{"taxonomy":"category","embeddable":true,"href":"https:\/\/www.europesays.com\/pt\/wp-json\/wp\/v2\/categories?post=158020"},{"taxonomy":"post_tag","embeddable":true,"href":"https:\/\/www.europesays.com\/pt\/wp-json\/wp\/v2\/tags?post=158020"}],"curies":[{"name":"wp","href":"https:\/\/api.w.org\/{rel}","templated":true}]}}