{"id":158031,"date":"2025-11-19T19:38:08","date_gmt":"2025-11-19T19:38:08","guid":{"rendered":"https:\/\/www.europesays.com\/pt\/158031\/"},"modified":"2025-11-19T19:38:08","modified_gmt":"2025-11-19T19:38:08","slug":"bosch-anuncia-fim-do-lay-off-na-fabrica-de-braga","status":"publish","type":"post","link":"https:\/\/www.europesays.com\/pt\/158031\/","title":{"rendered":"Bosch anuncia fim do \u2018lay-off\u2019 na f\u00e1brica de Braga"},"content":{"rendered":"<p>A Bosch de Braga retoma na segunda-feira o regime normal de labora\u00e7\u00e3o, levantando o \u2018lay-off\u2019 iniciado este m\u00eas e que estava previsto durar at\u00e9 abril de 2026 devido \u00e0 escassez de componentes, anunciou hoje a empresa.<\/p>\n<p>&#13;<br \/>\n&#13;<br \/>\n&#13;<\/p>\n<p>\u201cCom base num fornecimento mais cont\u00ednuo de componentes e nas medidas de mitiga\u00e7\u00e3o implementadas, os contratos de trabalho dos colaboradores afetados voltar\u00e3o a estar plenamente ativos\u201d, avan\u00e7ou a empresa numa nota enviada \u00e0 ag\u00eancia Lusa.<\/p>\n<p>\u201cAssim \u2013 acrescenta \u2013 a f\u00e1brica da Bosch em Braga consegue produzir sem necessidade de recorrer a um regime de \u2018lay-off\u2019 a partir de 24 de novembro de 2025 [segunda-feira]\u201d.<\/p>\n<p>No entanto, e \u201cdependendo da situa\u00e7\u00e3o geral de escassez de componentes e da evolu\u00e7\u00e3o da pol\u00edtica comercial\u201d, a Bosch diz n\u00e3o poder \u201cexcluir, em princ\u00edpio, futuras interrup\u00e7\u00f5es de produ\u00e7\u00e3o ou ajustes nos hor\u00e1rios de trabalho\u201d.<\/p>\n<p>Segundo refere, atualmente continuam a registar-se \u201cperturba\u00e7\u00f5es na produ\u00e7\u00e3o e ajustes tempor\u00e1rios nos hor\u00e1rios de trabalho\u201d nas f\u00e1bricas da Bosch em Ansbach e Salzgitter, ambas situadas na Alemanha.<\/p>\n<p>Em causa est\u00e1 a insufici\u00eancia de componentes eletr\u00f3nicos provenientes da Nexperia, um dos fornecedores de componentes eletr\u00f3nicos do grupo Bosch.<\/p>\n<p>Garantindo estar \u201ca dar prioridade absoluta a todas as frentes\u201d para \u201cmanter as suas cadeias de abastecimento e evitar ou minimizar restri\u00e7\u00f5es de produ\u00e7\u00e3o\u201d, a empresa diz \u201cencarar o futuro com confian\u00e7a\u201d, apesar de a situa\u00e7\u00e3o atual continuar \u201ca colocar desafios significativos\u201d.<\/p>\n<p>\u201cA decis\u00e3o hoje anunciada reflete o firme compromisso da empresa em proteger o emprego\u201d, enfatiza, referindo que \u201cos colaboradores do \u2018site\u2019 foram informados sobre o procedimento previsto\u201d.<\/p>\n<p>Salientando acompanhar \u201cmuito de perto\u201d a evolu\u00e7\u00e3o atual da pol\u00edtica comercial, a Bosch diz observar \u201cos primeiros passos rumo a um di\u00e1logo pol\u00edtico entre as partes envolvidas\u201d e manter \u201ca esperan\u00e7a numa solu\u00e7\u00e3o duradoura\u201d.<\/p>\n<p>A Bosch de Braga anunciou a 28 de outubro passado que ia entrar em \u2018lay-off\u2019 a partir de novembro e \u201cat\u00e9 presumivelmente\u201d abril de 2026, o que afetou 2.500 trabalhadores.<\/p>\n<p>O \u2018lay-off\u2019 consiste na redu\u00e7\u00e3o tempor\u00e1ria dos per\u00edodos normais de trabalho ou suspens\u00e3o dos contratos de trabalho efetuada por iniciativa das empresas, durante um determinado tempo, devido a motivos de mercado, motivos estruturais ou tecnol\u00f3gicos ou cat\u00e1strofes ou outras ocorr\u00eancias que tenham afetado gravemente a atividade normal da empresa.<\/p>\n<p>O Governo neerland\u00eas anunciou hoje ter suspendido a interven\u00e7\u00e3o na Nexperia, que permitia bloquear decis\u00f5es da empresa chinesa de semicondutores que amea\u00e7assem a produ\u00e7\u00e3o de \u2018chips\u2019 na Europa, para reduzir a tens\u00e3o com a China ap\u00f3s semanas de conflito pol\u00edtico.<\/p>\n<p>Num breve comunicado, o ministro neerland\u00eas dos Assuntos Econ\u00f3micos, Vincent Karremans, explicou que, dados os progressos entre a China e os Pa\u00edses Baixos, este \u00e9 \u201co momento adequado para dar um passo construtivo, suspendendo\u201d a ordem dada ao abrigo da Lei da Disponibilidade de Bens, uma norma de 1952 que foi invocada pela primeira vez em setembro passado.<\/p>\n<p>O Governo neerland\u00eas interveio na empresa no final de setembro, considerando que o diretor chin\u00eas da Nexperia, Zhang Xuezheng, poderia comprometer o abastecimento europeu.<\/p>\n<p>A suspens\u00e3o n\u00e3o anula a interven\u00e7\u00e3o, uma vez que o Governo neerland\u00eas mant\u00e9m a op\u00e7\u00e3o de reativar a medida a qualquer momento se voltar a detetar riscos para a produ\u00e7\u00e3o europeia. Entretanto, uma delega\u00e7\u00e3o dos Pa\u00edses Baixos continua na China a negociar uma sa\u00edda est\u00e1vel para o conflito.<\/p>\n<p>A Nexperia fabrica \u2018chips\u2019 utilizados em telem\u00f3veis, autom\u00f3veis e pain\u00e9is solares, entre outros, e \u00e9 um fornecedor fundamental para a ind\u00fastria europeia.<\/p>\n<p>A sua aquisi\u00e7\u00e3o pela Wingtech em 2019 j\u00e1 tinha suscitado inquieta\u00e7\u00e3o, num contexto de crescente vigil\u00e2ncia relativamente \u00e0 depend\u00eancia tecnol\u00f3gica em rela\u00e7\u00e3o \u00e0 China.<\/p>\n","protected":false},"excerpt":{"rendered":"A Bosch de Braga retoma na segunda-feira o regime normal de labora\u00e7\u00e3o, levantando o \u2018lay-off\u2019 iniciado este m\u00eas&hellip;\n","protected":false},"author":2,"featured_media":158032,"comment_status":"","ping_status":"","sticky":false,"template":"","format":"standard","meta":{"footnotes":""},"categories":[50],"tags":[27,28,15,16,14,25,26,21,22,62,12,13,19,20,23,24,17,18,29,30,31,63,64,65],"class_list":{"0":"post-158031","1":"post","2":"type-post","3":"status-publish","4":"format-standard","5":"has-post-thumbnail","7":"category-mundo","8":"tag-breaking-news","9":"tag-breakingnews","10":"tag-featured-news","11":"tag-featurednews","12":"tag-headlines","13":"tag-latest-news","14":"tag-latestnews","15":"tag-main-news","16":"tag-mainnews","17":"tag-mundo","18":"tag-news","19":"tag-noticias","20":"tag-noticias-principais","21":"tag-noticiasprincipais","22":"tag-principais-noticias","23":"tag-principaisnoticias","24":"tag-top-stories","25":"tag-topstories","26":"tag-ultimas","27":"tag-ultimas-noticias","28":"tag-ultimasnoticias","29":"tag-world","30":"tag-world-news","31":"tag-worldnews"},"share_on_mastodon":{"url":"https:\/\/pubeurope.com\/@pt\/115578057729227187","error":""},"_links":{"self":[{"href":"https:\/\/www.europesays.com\/pt\/wp-json\/wp\/v2\/posts\/158031","targetHints":{"allow":["GET"]}}],"collection":[{"href":"https:\/\/www.europesays.com\/pt\/wp-json\/wp\/v2\/posts"}],"about":[{"href":"https:\/\/www.europesays.com\/pt\/wp-json\/wp\/v2\/types\/post"}],"author":[{"embeddable":true,"href":"https:\/\/www.europesays.com\/pt\/wp-json\/wp\/v2\/users\/2"}],"replies":[{"embeddable":true,"href":"https:\/\/www.europesays.com\/pt\/wp-json\/wp\/v2\/comments?post=158031"}],"version-history":[{"count":0,"href":"https:\/\/www.europesays.com\/pt\/wp-json\/wp\/v2\/posts\/158031\/revisions"}],"wp:featuredmedia":[{"embeddable":true,"href":"https:\/\/www.europesays.com\/pt\/wp-json\/wp\/v2\/media\/158032"}],"wp:attachment":[{"href":"https:\/\/www.europesays.com\/pt\/wp-json\/wp\/v2\/media?parent=158031"}],"wp:term":[{"taxonomy":"category","embeddable":true,"href":"https:\/\/www.europesays.com\/pt\/wp-json\/wp\/v2\/categories?post=158031"},{"taxonomy":"post_tag","embeddable":true,"href":"https:\/\/www.europesays.com\/pt\/wp-json\/wp\/v2\/tags?post=158031"}],"curies":[{"name":"wp","href":"https:\/\/api.w.org\/{rel}","templated":true}]}}