{"id":158035,"date":"2025-11-19T19:44:13","date_gmt":"2025-11-19T19:44:13","guid":{"rendered":"https:\/\/www.europesays.com\/pt\/158035\/"},"modified":"2025-11-19T19:44:13","modified_gmt":"2025-11-19T19:44:13","slug":"tenho-sempre-um-bocadinho-de-receio-matilde-reymao-submete-se-a-tratamento-novelas","status":"publish","type":"post","link":"https:\/\/www.europesays.com\/pt\/158035\/","title":{"rendered":"\u00abTenho sempre um bocadinho de receio\u00bb: Matilde Reym\u00e3o submete-se a tratamento &#8211; Novelas"},"content":{"rendered":"<p data-end=\"413\" data-start=\"145\"><strong data-end=\"175\" data-start=\"145\"><a href=\"https:\/\/tvi.iol.pt\/novelas\/matilde-reymao\/nick-von-rupp\/se-te-fizessem-esse-convite-matilde-da-finalmente-a-resposta-que-todos-os-portugueses-queriam-ouvir\" rel=\"nofollow noopener\" target=\"_blank\">Matilde Reym\u00e3o,<\/a> de 25 anos<\/strong>, atriz que d\u00e1 vida a Mariana na novela <strong data-end=\"232\" data-start=\"215\">\u00abA Protegida\u00bb<\/strong>, revelou recentemente ter recorrido a um tratamento de <strong data-end=\"319\" data-start=\"288\">botox na zona dos trap\u00e9zios<\/strong>, explicando que o fez <strong data-end=\"410\" data-start=\"342\">apenas para aliviar a dor e relaxar a regi\u00e3o do pesco\u00e7o e ombros<\/strong>.<\/p>\n<p data-end=\"741\" data-start=\"415\">Conhecida pela sua <strong data-end=\"456\" data-start=\"434\">leveza e bom humor<\/strong>, Matilde partilhou a sua experi\u00eancia: &#8220;H\u00e1 anos que tenho alguma tens\u00e3o e dor nesta zona, e isso come\u00e7ou a afetar as minhas atividades e o meu dia a dia. Por isso, decidi experimentar este tratamento com a <strong data-end=\"680\" data-start=\"664\">Dra. Melanie<\/strong>, que me foi altamente recomendada para este procedimento.&#8221;<\/p>\n<p data-end=\"741\" data-start=\"415\"><img loading=\"lazy\" decoding=\"async\" alt=\"\" height=\"176\" src=\"https:\/\/www.europesays.com\/pt\/wp-content\/uploads\/2025\/11\/691dd823d34e3caad84b745a.webp\" width=\"100\"\/><\/p>\n<p data-end=\"994\" data-start=\"743\">A atriz confessou que, apesar de <strong data-end=\"847\" data-start=\"776\">ter algum receio em rela\u00e7\u00e3o a agulhas ou tratamentos mais invasivos<\/strong>, sentiu-se totalmente segura gra\u00e7as ao profissionalismo da m\u00e9dica: &#8220;A Dra. deixou-me super tranquila e esclareceu todas as d\u00favidas que tinha.&#8221;<\/p>\n<p data-end=\"1094\" data-start=\"996\">O tratamento trouxe resultados imediatos e not\u00f3rios, proporcionando a Matilde v\u00e1rios benef\u00edcios:<\/p>\n<ul data-end=\"1480\" data-start=\"1096\">\n<li data-end=\"1138\" data-start=\"1096\">\n<p data-end=\"1138\" data-start=\"1098\"><strong data-end=\"1114\" data-start=\"1098\">Menos tens\u00e3o<\/strong> na zona dos trap\u00e9zios<\/p>\n<\/li>\n<li data-end=\"1194\" data-start=\"1139\">\n<p data-end=\"1194\" data-start=\"1141\"><strong data-end=\"1160\" data-start=\"1141\">Al\u00edvio cervical<\/strong>, reduzindo dores e desconfortos<\/p>\n<\/li>\n<li data-end=\"1261\" data-start=\"1195\">\n<p data-end=\"1261\" data-start=\"1197\"><strong data-end=\"1219\" data-start=\"1197\">Sensa\u00e7\u00e3o de leveza<\/strong>, permitindo maior conforto no dia a dia<\/p>\n<\/li>\n<li data-end=\"1324\" data-start=\"1262\">\n<p data-end=\"1324\" data-start=\"1264\"><strong data-end=\"1291\" data-start=\"1264\">N\u00e3o bloqueia movimentos<\/strong>, mantendo a mobilidade natural<\/p>\n<\/li>\n<li data-end=\"1395\" data-start=\"1325\">\n<p data-end=\"1395\" data-start=\"1327\"><strong data-end=\"1351\" data-start=\"1327\">N\u00e3o altera a postura<\/strong>, garantindo que o corpo continua alinhado<\/p>\n<\/li>\n<li data-end=\"1480\" data-start=\"1396\">\n<p data-end=\"1480\" data-start=\"1398\"><strong data-end=\"1443\" data-start=\"1398\">N\u00e3o impede treinar ou realizar atividades<\/strong>, permitindo manter a rotina normal<\/p>\n<\/li>\n<\/ul>\n<p data-end=\"1480\" data-start=\"1398\"><img loading=\"lazy\" decoding=\"async\" alt=\"\" height=\"176\" src=\"https:\/\/www.europesays.com\/pt\/wp-content\/uploads\/2025\/11\/691dd823d34e2bd5c6d42c39.webp\" width=\"100\"\/><\/p>\n<p data-end=\"1797\" data-start=\"1482\">Este tipo de procedimento mostra como o <strong data-end=\"1573\" data-start=\"1522\">botox pode ser utilizado para fins terap\u00eauticos<\/strong>, ajudando a aliviar dores musculares e tens\u00f5es sem comprometer a funcionalidade do corpo. Matilde Reym\u00e3o \u00e9 um exemplo de como, com orienta\u00e7\u00e3o profissional adequada, \u00e9 poss\u00edvel <strong data-end=\"1794\" data-start=\"1750\">combinar bem-estar, sa\u00fade e rotina ativa<\/strong>.<\/p>\n<p data-end=\"1797\" data-start=\"1482\">Reveja aqui uma das entrevistas mais profundas da atriz com a apresentadora Maria Cerqueira Gomes:\u00a0<\/p>\n<p>Veja aqui:\u00a0<\/p>\n<p><a href=\"https:\/\/tvi.iol.pt\/novelas\/fernanda-serrano\/corpo\/aos-52-anos-fernanda-serrano-arrasa-em-biquini-e-inspira-com-corpo-escultural\" rel=\"nofollow noopener\" target=\"_blank\">Aos 52 anos, Fernanda Serrano arrasa em biqu\u00edni e inspira com corpo escultural &#8211; Novelas &#8211; TVI<\/a><\/p>\n<p><a href=\"https:\/\/tvi.iol.pt\/novelas\/david-carreira\/carolina-carvalho\/david-carreira-abre-as-portas-de-sua-casa-com-tour-exclusiva-e-este-detalhe-deixou-todos-a-suspirar\" rel=\"nofollow noopener\" target=\"_blank\">David Carreira abre as portas de sua casa com tour exclusiva. E este detalhe deixou todos a suspirar &#8211; Novelas &#8211; TVI<\/a>\u00a0<\/p>\n","protected":false},"excerpt":{"rendered":"Matilde Reym\u00e3o, de 25 anos, atriz que d\u00e1 vida a Mariana na novela \u00abA Protegida\u00bb, revelou recentemente ter&hellip;\n","protected":false},"author":2,"featured_media":158036,"comment_status":"","ping_status":"","sticky":false,"template":"","format":"standard","meta":{"footnotes":""},"categories":[142],"tags":[160,9850,166,114,115,157,167,164,881,161,158,165,159,32,33,156,163,33825,1130,151,162],"class_list":{"0":"post-158035","1":"post","2":"type-post","3":"status-publish","4":"format-standard","5":"has-post-thumbnail","7":"category-tv","8":"tag-ana-guiomar","9":"tag-botox","10":"tag-cristina-ferreira","11":"tag-entertainment","12":"tag-entretenimento","13":"tag-festa-e-festa","14":"tag-ficcao","15":"tag-jose-fidalgo","16":"tag-matilde-reymao","17":"tag-novelas","18":"tag-para-sempre","19":"tag-pedro-sousa","20":"tag-pedro-teixeira","21":"tag-portugal","22":"tag-pt","23":"tag-queridos-papas","24":"tag-tiago-teotonio-pereira","25":"tag-trapezio","26":"tag-tratamento","27":"tag-tv","28":"tag-tvi"},"share_on_mastodon":{"url":"https:\/\/pubeurope.com\/@pt\/115578081788250398","error":""},"_links":{"self":[{"href":"https:\/\/www.europesays.com\/pt\/wp-json\/wp\/v2\/posts\/158035","targetHints":{"allow":["GET"]}}],"collection":[{"href":"https:\/\/www.europesays.com\/pt\/wp-json\/wp\/v2\/posts"}],"about":[{"href":"https:\/\/www.europesays.com\/pt\/wp-json\/wp\/v2\/types\/post"}],"author":[{"embeddable":true,"href":"https:\/\/www.europesays.com\/pt\/wp-json\/wp\/v2\/users\/2"}],"replies":[{"embeddable":true,"href":"https:\/\/www.europesays.com\/pt\/wp-json\/wp\/v2\/comments?post=158035"}],"version-history":[{"count":0,"href":"https:\/\/www.europesays.com\/pt\/wp-json\/wp\/v2\/posts\/158035\/revisions"}],"wp:featuredmedia":[{"embeddable":true,"href":"https:\/\/www.europesays.com\/pt\/wp-json\/wp\/v2\/media\/158036"}],"wp:attachment":[{"href":"https:\/\/www.europesays.com\/pt\/wp-json\/wp\/v2\/media?parent=158035"}],"wp:term":[{"taxonomy":"category","embeddable":true,"href":"https:\/\/www.europesays.com\/pt\/wp-json\/wp\/v2\/categories?post=158035"},{"taxonomy":"post_tag","embeddable":true,"href":"https:\/\/www.europesays.com\/pt\/wp-json\/wp\/v2\/tags?post=158035"}],"curies":[{"name":"wp","href":"https:\/\/api.w.org\/{rel}","templated":true}]}}