{"id":158037,"date":"2025-11-19T19:45:16","date_gmt":"2025-11-19T19:45:16","guid":{"rendered":"https:\/\/www.europesays.com\/pt\/158037\/"},"modified":"2025-11-19T19:45:16","modified_gmt":"2025-11-19T19:45:16","slug":"sara-correia-revela-novo-single-avisem-que-eu-cheguei-observador","status":"publish","type":"post","link":"https:\/\/www.europesays.com\/pt\/158037\/","title":{"rendered":"Sara Correia revela novo single \u201cAvisem Que Eu Cheguei&#8221; \u2013 Observador"},"content":{"rendered":"<p>\u201cAvisa que eu cheguei, invadi a cidade, descal\u00e7a pela rua, eu pus-me \u00e0 vontade, canto bem alto para quem vier. Avisa que eu cheguei, invadi a cidade, para lhes mostrar porque \u00e9 que toda a tempestade tem nome de mulher\u201d, ouve-se no refr\u00e3o de Avisa que eu cheguei, o mais recente tema de Sara Correia, lan\u00e7ado esta quarta-feira, 19 de novembro.<\/p>\n<p>De acordo com o comunicado avan\u00e7ado pela Universal Music, a editora discogr\u00e1fica a que Sara Correia\u00a0est\u00e1 ligada, este trata-se do single de avan\u00e7o para o quarto \u00e1lbum da fadista de 32 anos, sendo que ainda n\u00e3o foi revelada data de lan\u00e7amento para este sucessor de <a href=\"https:\/\/observador.pt\/especiais\/sara-correia-se-gravar-com-o-sam-the-kid-vou-ser-do-hip-hop-entao-o-sam-the-kid-tambem-vai-ser-do-fado\/\" rel=\"nofollow noopener\" target=\"_blank\">Liberdade<\/a>,\u00a0editado em 2023.<\/p>\n<p>Composta por\u00a0Carolina Deslandes e Diogo Clemente \u2014 e com letra tamb\u00e9m da autoria da cantora pop \u2014 esta can\u00e7\u00e3o n\u00e3o teve apenas lan\u00e7amento nas plataformas de streaming nem foi apenas acompanhada de videoclip oficial.<\/p>\n<p>Materializando a passagem \u201cinvadi a cidade\u201d, Sara Correia tem protagonizado uma a\u00e7\u00e3o de campanha ao longo desta quarta-feira, ao cantar o tema publicamente em v\u00e1rios espa\u00e7os da sua Lisboa natal. Estes \u2014 como a sua equipa tem <a href=\"https:\/\/www.tiktok.com\/@saracorreiafado\/video\/7574427516283276577?is_from_webapp=1&amp;sender_device=pc&amp;web_id=7443785587855033888\" rel=\"nofollow noopener\" target=\"_blank\">vindo<\/a> a documentar \u2014 incluem as esta\u00e7\u00f5es do Rossio e do Cais do Sodr\u00e9, um comboio da Linha de Cascais e o Castelo de S\u00e3o Jorge.<\/p>\n<p><script async src=\"\/\/www.tiktok.com\/embed.js\"><\/script><\/p>\n","protected":false},"excerpt":{"rendered":"\u201cAvisa que eu cheguei, invadi a cidade, descal\u00e7a pela rua, eu pus-me \u00e0 vontade, canto bem alto para&hellip;\n","protected":false},"author":2,"featured_media":158038,"comment_status":"","ping_status":"","sticky":false,"template":"","format":"standard","meta":{"footnotes":""},"categories":[141],"tags":[315,114,115,2131,339,149,150,32,33],"class_list":{"0":"post-158037","1":"post","2":"type-post","3":"status-publish","4":"format-standard","5":"has-post-thumbnail","7":"category-musica","8":"tag-cultura","9":"tag-entertainment","10":"tag-entretenimento","11":"tag-fado","12":"tag-mu00fasica","13":"tag-music","14":"tag-musica","15":"tag-portugal","16":"tag-pt"},"share_on_mastodon":{"url":"https:\/\/pubeurope.com\/@pt\/115578085243389454","error":""},"_links":{"self":[{"href":"https:\/\/www.europesays.com\/pt\/wp-json\/wp\/v2\/posts\/158037","targetHints":{"allow":["GET"]}}],"collection":[{"href":"https:\/\/www.europesays.com\/pt\/wp-json\/wp\/v2\/posts"}],"about":[{"href":"https:\/\/www.europesays.com\/pt\/wp-json\/wp\/v2\/types\/post"}],"author":[{"embeddable":true,"href":"https:\/\/www.europesays.com\/pt\/wp-json\/wp\/v2\/users\/2"}],"replies":[{"embeddable":true,"href":"https:\/\/www.europesays.com\/pt\/wp-json\/wp\/v2\/comments?post=158037"}],"version-history":[{"count":0,"href":"https:\/\/www.europesays.com\/pt\/wp-json\/wp\/v2\/posts\/158037\/revisions"}],"wp:featuredmedia":[{"embeddable":true,"href":"https:\/\/www.europesays.com\/pt\/wp-json\/wp\/v2\/media\/158038"}],"wp:attachment":[{"href":"https:\/\/www.europesays.com\/pt\/wp-json\/wp\/v2\/media?parent=158037"}],"wp:term":[{"taxonomy":"category","embeddable":true,"href":"https:\/\/www.europesays.com\/pt\/wp-json\/wp\/v2\/categories?post=158037"},{"taxonomy":"post_tag","embeddable":true,"href":"https:\/\/www.europesays.com\/pt\/wp-json\/wp\/v2\/tags?post=158037"}],"curies":[{"name":"wp","href":"https:\/\/api.w.org\/{rel}","templated":true}]}}