{"id":158042,"date":"2025-11-19T19:52:09","date_gmt":"2025-11-19T19:52:09","guid":{"rendered":"https:\/\/www.europesays.com\/pt\/158042\/"},"modified":"2025-11-19T19:52:09","modified_gmt":"2025-11-19T19:52:09","slug":"estamos-de-olho-em-voces-reino-unido-adverte-putin-apos-detetar-navio-russo-em-aguas-britanicas","status":"publish","type":"post","link":"https:\/\/www.europesays.com\/pt\/158042\/","title":{"rendered":"&#8220;Estamos de olho em voc\u00eas&#8221;. Reino Unido adverte Putin ap\u00f3s detetar navio russo em \u00e1guas brit\u00e2nicas"},"content":{"rendered":"<p>&#13;<br \/>\nDurante uma confer\u00eancia de imprensa, esta quarta-feira, o ministro brit\u00e2nico da Defesa, John Healey, criticou Moscovo pela presen\u00e7a do navio Yantar, um dos seus navios militares, em \u00e1guas brit\u00e2nicas.&#13;\n<\/p>\n<p>&#13;<br \/>\nSegundo Londres, <b>o navio poder\u00e1 &#8220;colocar em risco&#8221; e &#8220;comprometer&#8221; as &#8220;infraestruturas submarinas&#8221; do pa\u00eds e dos seus aliados.\u00a0<\/b>&#13;\n<\/p>\n<p>&#13;<br \/>\nAp\u00f3s a dete\u00e7\u00e3o de um navio militar em \u00e1guas brit\u00e2nicas, pela segunda vez este ano, o ministro da Defesa do Reino Unido deixou um aviso ao presidente russo Vladimir Putin.\u00a0&#8220;A minha mensagem \u00e0 R\u00fassia e a Putin \u00e9 esta: estamos de olho em voc\u00eas. Sabemos o que est\u00e3o a fazer. E se o Yantar se dirigir para sul esta semana, estamos prontos&#8221;, avisou.&#13;<br \/>\n&#13;\n<\/p>\n<p>&#13;<br \/>\n<b>&#8220;\u00c9 a segunda vez este ano que o navio entra em \u00e1guas brit\u00e2nicas&#8221;<\/b>, precisou o ministro, adiantando que o Yantar se encontrava na fronteira das \u00e1guas brit\u00e2nicas a norte da Esc\u00f3cia e que, pela primeira vez, tinha apontado os seus lasers contra piloto da Royal Air Force que vigiavam as suas atividades.\u00a0&#13;\n<\/p>\n<p>&#13;<br \/>\n&#8220;Sabotagem em tempo de conflito&#8221;&#13;\n<\/p>\n<p>&#13;<br \/>\nDe acordo com o ministro, o Yantar pertence a <b>&#8220;uma frota russa concebida para colocar em risco e comprometer as nossas infraestruturas submarinas e as dos nossos aliados&#8221;<\/b>.\u00a0&#13;\n<\/p>\n<p>&#13;<br \/>\nJohn Healey precisa que se trata de um &#8220;programa russo&#8221;, que visa &#8220;desenvolver capacidades para garantir a vigil\u00e2ncia em tempo de paz e a sabotagem em tempo de conflito&#8221;.\u00a0&#13;\n<\/p>\n<p>&#13;<br \/>\nc\/ag\u00eancias&#13;<\/p>\n","protected":false},"excerpt":{"rendered":"&#13; Durante uma confer\u00eancia de imprensa, esta quarta-feira, o ministro brit\u00e2nico da Defesa, John Healey, criticou Moscovo pela&hellip;\n","protected":false},"author":2,"featured_media":158043,"comment_status":"","ping_status":"","sticky":false,"template":"","format":"standard","meta":{"footnotes":""},"categories":[50],"tags":[27,28,2537,445,15,16,14,25,26,21,22,62,4489,12,13,19,20,23,24,713,839,1717,17,18,29,30,31,2415,63,64,65],"class_list":{"0":"post-158042","1":"post","2":"type-post","3":"status-publish","4":"format-standard","5":"has-post-thumbnail","7":"category-mundo","8":"tag-breaking-news","9":"tag-breakingnews","10":"tag-defesa","11":"tag-europa","12":"tag-featured-news","13":"tag-featurednews","14":"tag-headlines","15":"tag-latest-news","16":"tag-latestnews","17":"tag-main-news","18":"tag-mainnews","19":"tag-mundo","20":"tag-navio","21":"tag-news","22":"tag-noticias","23":"tag-noticias-principais","24":"tag-noticiasprincipais","25":"tag-principais-noticias","26":"tag-principaisnoticias","27":"tag-reino-unido","28":"tag-russia","29":"tag-seguranca","30":"tag-top-stories","31":"tag-topstories","32":"tag-ultimas","33":"tag-ultimas-noticias","34":"tag-ultimasnoticias","35":"tag-vladimir-putin","36":"tag-world","37":"tag-world-news","38":"tag-worldnews"},"share_on_mastodon":{"url":"","error":"Validation failed: Text character limit of 500 exceeded"},"_links":{"self":[{"href":"https:\/\/www.europesays.com\/pt\/wp-json\/wp\/v2\/posts\/158042","targetHints":{"allow":["GET"]}}],"collection":[{"href":"https:\/\/www.europesays.com\/pt\/wp-json\/wp\/v2\/posts"}],"about":[{"href":"https:\/\/www.europesays.com\/pt\/wp-json\/wp\/v2\/types\/post"}],"author":[{"embeddable":true,"href":"https:\/\/www.europesays.com\/pt\/wp-json\/wp\/v2\/users\/2"}],"replies":[{"embeddable":true,"href":"https:\/\/www.europesays.com\/pt\/wp-json\/wp\/v2\/comments?post=158042"}],"version-history":[{"count":0,"href":"https:\/\/www.europesays.com\/pt\/wp-json\/wp\/v2\/posts\/158042\/revisions"}],"wp:featuredmedia":[{"embeddable":true,"href":"https:\/\/www.europesays.com\/pt\/wp-json\/wp\/v2\/media\/158043"}],"wp:attachment":[{"href":"https:\/\/www.europesays.com\/pt\/wp-json\/wp\/v2\/media?parent=158042"}],"wp:term":[{"taxonomy":"category","embeddable":true,"href":"https:\/\/www.europesays.com\/pt\/wp-json\/wp\/v2\/categories?post=158042"},{"taxonomy":"post_tag","embeddable":true,"href":"https:\/\/www.europesays.com\/pt\/wp-json\/wp\/v2\/tags?post=158042"}],"curies":[{"name":"wp","href":"https:\/\/api.w.org\/{rel}","templated":true}]}}