{"id":158046,"date":"2025-11-19T19:55:09","date_gmt":"2025-11-19T19:55:09","guid":{"rendered":"https:\/\/www.europesays.com\/pt\/158046\/"},"modified":"2025-11-19T19:55:09","modified_gmt":"2025-11-19T19:55:09","slug":"o-homem-que-mudou-minha-vida-2","status":"publish","type":"post","link":"https:\/\/www.europesays.com\/pt\/158046\/","title":{"rendered":"&#8216;O homem que mudou minha vida&#8217;"},"content":{"rendered":"\n<p>Maur\u00edcio Branco compartilhou da intimidade de Renato Russo, e ele pode provar. O ator, que j\u00e1 disse ter vivido um &#8220;quase casamento&#8221; com o l\u00edder da Legi\u00e3o Urbana, revirou o ba\u00fa de mem\u00f3rias e resgatou um momento \u00edntimo ao lado do cantor.<\/p>\n<p>Na foto, os dois vestem roupas que, segundo Maur\u00edcio, eram compradas pelo cantor em uma feira \u00e0 noite na Avenida Atl\u00e2ntica, em Copacabana, para se divertir com os amigos.<\/p>\n<p>&#8220;Esta foto com meu melhor amigo e o homem que mudou o rumo da minha vida faz parte de um dos momentos mais lindos que passamos juntos em sua casa , em 1993, aqui no Rio de Janeiro. Este dia foi incr\u00edvel. Ana Paula, nossa grande amiga, atenta a todos os momentos, numa \u00e9poca em que n\u00e3o existia celular, registrou este momento m\u00e1gico&#8221;, lembra o ator, que postou a imagem com uma vers\u00e3o de \u201cGo West&#8221; da banda Pet Shop Boys:<\/p>\n<p>&#8220;Renato amava esta m\u00fasica, e me deu o CD de presente. A m\u00fasica fala da procura por um novo caminho, uma terra prometida de felicidade e uni\u00e3o, especialmente para comunidades marginalizadas. Saudades, meu amigo querido&#8221;.<\/p>\n<p>Na \u00e9poca em que convivia com o l\u00edder da Legi\u00e3o Urbana, Maur\u00edcio Branco, hoje com 55 anos, dava os primeiros passos na carreira de ator. A primeira chance em novelas, num papel importante na trama de &#8220;De corpo e alma&#8221;, de 1992, foi motivo de uma festa dada por Renato Russo em sua homenagem.<\/p>\n<p>&#8220;Quando fui para a novela, ele deu uma festa na casa dele. Ela queria comemorar o sucesso que eu estava fazendo. Renato me botou muitas vezes para cima&#8221;, lembrou o ator na entrevista que deu no canal Corredor 5, no YouTube, em 2024.<\/p>\n<p>Nessa mesma entrevista, Maur\u00edcio fez um desabafo sobre sua trajet\u00f3ria e detalhou sua rela\u00e7\u00e3o com o cantor, que morreu em outubro de 1996:<\/p>\n<p>&#8220;Voc\u00ea acha que vou me incomodar com algu\u00e9m que fala que eu estou decadente? Beijos para voc\u00eas, meus amores. Eu sou premiado, sou um ser premiado na vida. Eu podia ter casado com o Renato. Na verdade eu chamava ele de Junior. Se eu quisesse, a gente poderia ter casado. N\u00f3s poder\u00edamos ter sido um casal porque j\u00e1 parec\u00edamos mesmo um casal. Eu era muito apaixonado por ele&#8221;.<\/p>\n","protected":false},"excerpt":{"rendered":"Maur\u00edcio Branco compartilhou da intimidade de Renato Russo, e ele pode provar. O ator, que j\u00e1 disse ter&hellip;\n","protected":false},"author":2,"featured_media":158047,"comment_status":"","ping_status":"","sticky":false,"template":"","format":"standard","meta":{"footnotes":""},"categories":[145],"tags":[1244,211,210,114,115,33826,32,33,10997],"class_list":{"0":"post-158046","1":"post","2":"type-post","3":"status-publish","4":"format-standard","5":"has-post-thumbnail","7":"category-celebridades","8":"tag-ator","9":"tag-celebridades","10":"tag-celebrities","11":"tag-entertainment","12":"tag-entretenimento","13":"tag-mauricio-branco","14":"tag-portugal","15":"tag-pt","16":"tag-renato-russo"},"share_on_mastodon":{"url":"https:\/\/pubeurope.com\/@pt\/115578124588799316","error":""},"_links":{"self":[{"href":"https:\/\/www.europesays.com\/pt\/wp-json\/wp\/v2\/posts\/158046","targetHints":{"allow":["GET"]}}],"collection":[{"href":"https:\/\/www.europesays.com\/pt\/wp-json\/wp\/v2\/posts"}],"about":[{"href":"https:\/\/www.europesays.com\/pt\/wp-json\/wp\/v2\/types\/post"}],"author":[{"embeddable":true,"href":"https:\/\/www.europesays.com\/pt\/wp-json\/wp\/v2\/users\/2"}],"replies":[{"embeddable":true,"href":"https:\/\/www.europesays.com\/pt\/wp-json\/wp\/v2\/comments?post=158046"}],"version-history":[{"count":0,"href":"https:\/\/www.europesays.com\/pt\/wp-json\/wp\/v2\/posts\/158046\/revisions"}],"wp:featuredmedia":[{"embeddable":true,"href":"https:\/\/www.europesays.com\/pt\/wp-json\/wp\/v2\/media\/158047"}],"wp:attachment":[{"href":"https:\/\/www.europesays.com\/pt\/wp-json\/wp\/v2\/media?parent=158046"}],"wp:term":[{"taxonomy":"category","embeddable":true,"href":"https:\/\/www.europesays.com\/pt\/wp-json\/wp\/v2\/categories?post=158046"},{"taxonomy":"post_tag","embeddable":true,"href":"https:\/\/www.europesays.com\/pt\/wp-json\/wp\/v2\/tags?post=158046"}],"curies":[{"name":"wp","href":"https:\/\/api.w.org\/{rel}","templated":true}]}}