{"id":158049,"date":"2025-11-19T19:59:13","date_gmt":"2025-11-19T19:59:13","guid":{"rendered":"https:\/\/www.europesays.com\/pt\/158049\/"},"modified":"2025-11-19T19:59:13","modified_gmt":"2025-11-19T19:59:13","slug":"mulher-e-indiciada-por-beijar-jin-do-bts-sem-consentimento","status":"publish","type":"post","link":"https:\/\/www.europesays.com\/pt\/158049\/","title":{"rendered":"Mulher \u00e9 indiciada por beijar Jin, do BTS, sem consentimento"},"content":{"rendered":"<p>A pol\u00edcia sul-coreana indiciou uma mulher por suspeita de ass\u00e9dio sexual contra o cantor <strong>Jin<\/strong>, integrante do <a href=\"https:\/\/recreio.com.br\/tags\/k-pop\" target=\"_blank\" rel=\"noopener nofollow\">BTS<\/a>. O incidente ocorreu em junho de 2024, durante um evento de \u201cabra\u00e7os gratuitos\u201d realizado em Seul para celebrar a dispensa militar obrigat\u00f3ria do artista e o 11\u00ba anivers\u00e1rio da banda. Conforme os relatos, uma f\u00e3 foi filmada beijando o cantor na bochecha de forma abrupta e sem consentimento.<\/p>\n<p>O caso foi conduzido pela Esta\u00e7\u00e3o de Pol\u00edcia de Songpa, em Seul, ap\u00f3s o recebimento de uma den\u00fancia <a href=\"https:\/\/www.mofa.go.kr\/eng\/wpge\/m_5810\/contents.do\" target=\"_blank\" rel=\"noopener nofollow\">online<\/a> por um cidad\u00e3o que alegou que a a\u00e7\u00e3o configurava ass\u00e9dio sexual.<\/p>\n<p> O caso <\/p>\n<p>O evento de abra\u00e7os foi realizado um dia ap\u00f3s <strong><a href=\"https:\/\/www.instagram.com\/jin\/?hl=en\" target=\"_blank\" rel=\"noopener nofollow\">Jin<\/a>,<\/strong> cujo nome real \u00e9 <strong>Kim Seok Jin<\/strong>, ter conclu\u00eddo seu servi\u00e7o militar de 18 meses. Cerca de mil f\u00e3s estavam presentes no evento. Neste contexto, o incidente em que uma mulher beijou o idol na bochecha foi capturado em v\u00eddeo e se tornou viral, mostrando o cantor visivelmente desconfort\u00e1vel com a situa\u00e7\u00e3o.<\/p>\n<p>Posteriormente, a mulher, identificada como japonesa e com cerca de 50 anos, chegou a postar em um blog online sobre o ocorrido. De acordo com a ag\u00eancia de not\u00edcias <a href=\"https:\/\/pt.wikipedia.org\/wiki\/Yonhap\" target=\"_blank\" rel=\"noopener nofollow\">Yonhap,<\/a> ela escreveu: \u201cMeus l\u00e1bios tocaram seu pesco\u00e7o. Sua pele era t\u00e3o macia\u201d, sugerindo a natureza n\u00e3o consensual da intera\u00e7\u00e3o.<\/p>\n<p>A pol\u00edcia sul-coreana iniciou uma <a href=\"https:\/\/recreio.com.br\/noticias\/entretenimento\/newjeans-ador-anuncia-acao-legal-contra-ataques-maliciosos-ao-grupo.phtml\" target=\"_blank\" rel=\"noopener nofollow\">investiga\u00e7\u00e3o<\/a>, tendo conseguido identificar a mulher com a ajuda da pol\u00edcia japonesa. A Esta\u00e7\u00e3o de Pol\u00edcia de Songpa confirmou que solicitou que a suspeita comparecesse para interrogat\u00f3rio sob a acusa\u00e7\u00e3o de ass\u00e9dio sexual. Entretanto, o relat\u00f3rio indica que, at\u00e9 o momento, a mulher estaria se recusando a comparecer perante as autoridades para prestar esclarecimentos.<\/p>\n<p>Ainda mais, a pol\u00edcia se recusou a divulgar a identidade da mulher, citando quest\u00f5es de privacidade, mas confirmou que a investiga\u00e7\u00e3o est\u00e1 em andamento. O indiciamento e a subsequente intima\u00e7\u00e3o da pol\u00edcia sul-coreana refletem a seriedade com que as autoridades tratam as den\u00fancias de ass\u00e9dio sexual, mesmo em intera\u00e7\u00f5es p\u00fablicas com celebridades de grande visibilidade global.<\/p>\n<p>\t                                            <script async src=\"\/\/www.instagram.com\/embed.js\"><\/script><\/p>\n","protected":false},"excerpt":{"rendered":"A pol\u00edcia sul-coreana indiciou uma mulher por suspeita de ass\u00e9dio sexual contra o cantor Jin, integrante do BTS.&hellip;\n","protected":false},"author":2,"featured_media":158050,"comment_status":"","ping_status":"","sticky":false,"template":"","format":"standard","meta":{"footnotes":""},"categories":[141],"tags":[2344,114,115,1173,20045,1688,149,150,32,33],"class_list":{"0":"post-158049","1":"post","2":"type-post","3":"status-publish","4":"format-standard","5":"has-post-thumbnail","7":"category-musica","8":"tag-bts","9":"tag-entertainment","10":"tag-entretenimento","11":"tag-investigacao","12":"tag-jin","13":"tag-k-pop","14":"tag-music","15":"tag-musica","16":"tag-portugal","17":"tag-pt"},"share_on_mastodon":{"url":"https:\/\/pubeurope.com\/@pt\/115578140306733267","error":""},"_links":{"self":[{"href":"https:\/\/www.europesays.com\/pt\/wp-json\/wp\/v2\/posts\/158049","targetHints":{"allow":["GET"]}}],"collection":[{"href":"https:\/\/www.europesays.com\/pt\/wp-json\/wp\/v2\/posts"}],"about":[{"href":"https:\/\/www.europesays.com\/pt\/wp-json\/wp\/v2\/types\/post"}],"author":[{"embeddable":true,"href":"https:\/\/www.europesays.com\/pt\/wp-json\/wp\/v2\/users\/2"}],"replies":[{"embeddable":true,"href":"https:\/\/www.europesays.com\/pt\/wp-json\/wp\/v2\/comments?post=158049"}],"version-history":[{"count":0,"href":"https:\/\/www.europesays.com\/pt\/wp-json\/wp\/v2\/posts\/158049\/revisions"}],"wp:featuredmedia":[{"embeddable":true,"href":"https:\/\/www.europesays.com\/pt\/wp-json\/wp\/v2\/media\/158050"}],"wp:attachment":[{"href":"https:\/\/www.europesays.com\/pt\/wp-json\/wp\/v2\/media?parent=158049"}],"wp:term":[{"taxonomy":"category","embeddable":true,"href":"https:\/\/www.europesays.com\/pt\/wp-json\/wp\/v2\/categories?post=158049"},{"taxonomy":"post_tag","embeddable":true,"href":"https:\/\/www.europesays.com\/pt\/wp-json\/wp\/v2\/tags?post=158049"}],"curies":[{"name":"wp","href":"https:\/\/api.w.org\/{rel}","templated":true}]}}